{"id":2641,"date":"2020-02-21T17:25:59","date_gmt":"2020-02-21T17:25:59","guid":{"rendered":"http:\/\/www.tnt.org.sv\/wp\/?p=2641"},"modified":"2022-02-25T16:07:21","modified_gmt":"2022-02-25T16:07:21","slug":"visita-de-hermanas-oblatas-del-corazon-de-jesus-al-ccjc","status":"publish","type":"post","link":"https:\/\/www.tnt.org.sv\/wp\/2020\/02\/21\/visita-de-hermanas-oblatas-del-corazon-de-jesus-al-ccjc\/","title":{"rendered":"Visita de Hermanas Oblatas del Coraz\u00f3n de Jes\u00fas al CCJC."},"content":{"rendered":"<p style=\"text-align: justify;\"><img fetchpriority=\"high\" decoding=\"async\" data-attachment-id=\"2637\" data-permalink=\"https:\/\/www.tnt.org.sv\/wp\/2020\/02\/21\/visita-de-hermanas-oblatas-del-corazon-de-jesus-al-ccjc\/img_6909\/\" data-orig-file=\"https:\/\/i0.wp.com\/www.tnt.org.sv\/wp\/wp-content\/uploads\/2020\/02\/IMG_6909.jpg?fit=4888%2C3056&amp;ssl=1\" data-orig-size=\"4888,3056\" data-comments-opened=\"1\" data-image-meta=\"{&quot;aperture&quot;:&quot;4&quot;,&quot;credit&quot;:&quot;&quot;,&quot;camera&quot;:&quot;Canon EOS REBEL T5i&quot;,&quot;caption&quot;:&quot;&quot;,&quot;created_timestamp&quot;:&quot;1582213040&quot;,&quot;copyright&quot;:&quot;&quot;,&quot;focal_length&quot;:&quot;24&quot;,&quot;iso&quot;:&quot;800&quot;,&quot;shutter_speed&quot;:&quot;0.033333333333333&quot;,&quot;title&quot;:&quot;&quot;,&quot;orientation&quot;:&quot;1&quot;}\" data-image-title=\"IMG_6909\" data-image-description=\"\" data-image-caption=\"\" data-medium-file=\"https:\/\/i0.wp.com\/www.tnt.org.sv\/wp\/wp-content\/uploads\/2020\/02\/IMG_6909.jpg?fit=300%2C188&amp;ssl=1\" data-large-file=\"https:\/\/i0.wp.com\/www.tnt.org.sv\/wp\/wp-content\/uploads\/2020\/02\/IMG_6909.jpg?fit=1024%2C640&amp;ssl=1\" class=\"wp-image-2637 size-medium alignleft\" src=\"https:\/\/i0.wp.com\/www.tnt.org.sv\/wp\/wp-content\/uploads\/2020\/02\/IMG_6909.jpg?resize=300%2C188&#038;ssl=1\" alt=\"IMG_6909\" width=\"300\" height=\"188\" srcset=\"https:\/\/i0.wp.com\/www.tnt.org.sv\/wp\/wp-content\/uploads\/2020\/02\/IMG_6909.jpg?resize=300%2C188&amp;ssl=1 300w, https:\/\/i0.wp.com\/www.tnt.org.sv\/wp\/wp-content\/uploads\/2020\/02\/IMG_6909.jpg?resize=768%2C480&amp;ssl=1 768w, https:\/\/i0.wp.com\/www.tnt.org.sv\/wp\/wp-content\/uploads\/2020\/02\/IMG_6909.jpg?resize=1024%2C640&amp;ssl=1 1024w, https:\/\/i0.wp.com\/www.tnt.org.sv\/wp\/wp-content\/uploads\/2020\/02\/IMG_6909.jpg?w=2340&amp;ssl=1 2340w, https:\/\/i0.wp.com\/www.tnt.org.sv\/wp\/wp-content\/uploads\/2020\/02\/IMG_6909.jpg?w=3510&amp;ssl=1 3510w\" sizes=\"(max-width: 300px) 100vw, 300px\" data-recalc-dims=\"1\" \/>Esta semana recibimos la visita de Hermana Sof\u00eda C\u00e1ceres, Rosa Emilia (Milita), Roc\u00edo \u00c1ngeles y Alejandrina Zuniga; Oblatas del Coraz\u00f3n de Jes\u00fas. Con el objetivo de ver el avance que ha tenido en infraestructura el Centro Cultural Jon Cortina y del trabajo comunitario que impulsa TNT en la zona.<\/p>\n<p style=\"text-align: justify;\"><img decoding=\"async\" data-attachment-id=\"2640\" data-permalink=\"https:\/\/www.tnt.org.sv\/wp\/2020\/02\/21\/visita-de-hermanas-oblatas-del-corazon-de-jesus-al-ccjc\/img_6955\/\" data-orig-file=\"https:\/\/i0.wp.com\/www.tnt.org.sv\/wp\/wp-content\/uploads\/2020\/02\/IMG_6955.jpg?fit=5112%2C2912&amp;ssl=1\" data-orig-size=\"5112,2912\" data-comments-opened=\"1\" data-image-meta=\"{&quot;aperture&quot;:&quot;5&quot;,&quot;credit&quot;:&quot;&quot;,&quot;camera&quot;:&quot;Canon EOS REBEL T5i&quot;,&quot;caption&quot;:&quot;&quot;,&quot;created_timestamp&quot;:&quot;1582217094&quot;,&quot;copyright&quot;:&quot;&quot;,&quot;focal_length&quot;:&quot;39&quot;,&quot;iso&quot;:&quot;800&quot;,&quot;shutter_speed&quot;:&quot;0.025&quot;,&quot;title&quot;:&quot;&quot;,&quot;orientation&quot;:&quot;1&quot;}\" data-image-title=\"IMG_6955\" data-image-description=\"\" data-image-caption=\"\" data-medium-file=\"https:\/\/i0.wp.com\/www.tnt.org.sv\/wp\/wp-content\/uploads\/2020\/02\/IMG_6955.jpg?fit=300%2C171&amp;ssl=1\" data-large-file=\"https:\/\/i0.wp.com\/www.tnt.org.sv\/wp\/wp-content\/uploads\/2020\/02\/IMG_6955.jpg?fit=1024%2C583&amp;ssl=1\" class=\"wp-image-2640 size-large aligncenter\" src=\"https:\/\/i0.wp.com\/www.tnt.org.sv\/wp\/wp-content\/uploads\/2020\/02\/IMG_6955.jpg?resize=618%2C352&#038;ssl=1\" alt=\"IMG_6955\" width=\"618\" height=\"352\" srcset=\"https:\/\/i0.wp.com\/www.tnt.org.sv\/wp\/wp-content\/uploads\/2020\/02\/IMG_6955.jpg?resize=1024%2C583&amp;ssl=1 1024w, https:\/\/i0.wp.com\/www.tnt.org.sv\/wp\/wp-content\/uploads\/2020\/02\/IMG_6955.jpg?resize=300%2C171&amp;ssl=1 300w, https:\/\/i0.wp.com\/www.tnt.org.sv\/wp\/wp-content\/uploads\/2020\/02\/IMG_6955.jpg?resize=768%2C437&amp;ssl=1 768w, https:\/\/i0.wp.com\/www.tnt.org.sv\/wp\/wp-content\/uploads\/2020\/02\/IMG_6955.jpg?w=2340&amp;ssl=1 2340w, https:\/\/i0.wp.com\/www.tnt.org.sv\/wp\/wp-content\/uploads\/2020\/02\/IMG_6955.jpg?w=3510&amp;ssl=1 3510w\" sizes=\"(max-width: 618px) 100vw, 618px\" data-recalc-dims=\"1\" \/><img decoding=\"async\" data-attachment-id=\"2638\" data-permalink=\"https:\/\/www.tnt.org.sv\/wp\/2020\/02\/21\/visita-de-hermanas-oblatas-del-corazon-de-jesus-al-ccjc\/img_6935\/\" data-orig-file=\"https:\/\/i0.wp.com\/www.tnt.org.sv\/wp\/wp-content\/uploads\/2020\/02\/IMG_6935.jpg?fit=5184%2C3216&amp;ssl=1\" data-orig-size=\"5184,3216\" data-comments-opened=\"1\" data-image-meta=\"{&quot;aperture&quot;:&quot;5&quot;,&quot;credit&quot;:&quot;&quot;,&quot;camera&quot;:&quot;Canon EOS REBEL T5i&quot;,&quot;caption&quot;:&quot;&quot;,&quot;created_timestamp&quot;:&quot;1582215010&quot;,&quot;copyright&quot;:&quot;&quot;,&quot;focal_length&quot;:&quot;26&quot;,&quot;iso&quot;:&quot;200&quot;,&quot;shutter_speed&quot;:&quot;0.05&quot;,&quot;title&quot;:&quot;&quot;,&quot;orientation&quot;:&quot;1&quot;}\" data-image-title=\"IMG_6935\" data-image-description=\"\" data-image-caption=\"\" data-medium-file=\"https:\/\/i0.wp.com\/www.tnt.org.sv\/wp\/wp-content\/uploads\/2020\/02\/IMG_6935.jpg?fit=300%2C186&amp;ssl=1\" data-large-file=\"https:\/\/i0.wp.com\/www.tnt.org.sv\/wp\/wp-content\/uploads\/2020\/02\/IMG_6935.jpg?fit=1024%2C635&amp;ssl=1\" class=\"wp-image-2638 size-medium alignright\" src=\"https:\/\/i0.wp.com\/www.tnt.org.sv\/wp\/wp-content\/uploads\/2020\/02\/IMG_6935.jpg?resize=300%2C186&#038;ssl=1\" alt=\"IMG_6935\" width=\"300\" height=\"186\" srcset=\"https:\/\/i0.wp.com\/www.tnt.org.sv\/wp\/wp-content\/uploads\/2020\/02\/IMG_6935.jpg?resize=300%2C186&amp;ssl=1 300w, https:\/\/i0.wp.com\/www.tnt.org.sv\/wp\/wp-content\/uploads\/2020\/02\/IMG_6935.jpg?resize=768%2C476&amp;ssl=1 768w, https:\/\/i0.wp.com\/www.tnt.org.sv\/wp\/wp-content\/uploads\/2020\/02\/IMG_6935.jpg?resize=1024%2C635&amp;ssl=1 1024w, https:\/\/i0.wp.com\/www.tnt.org.sv\/wp\/wp-content\/uploads\/2020\/02\/IMG_6935.jpg?w=2340&amp;ssl=1 2340w, https:\/\/i0.wp.com\/www.tnt.org.sv\/wp\/wp-content\/uploads\/2020\/02\/IMG_6935.jpg?w=3510&amp;ssl=1 3510w\" sizes=\"(max-width: 300px) 100vw, 300px\" data-recalc-dims=\"1\" \/>Por iniciativa de la Asociaci\u00f3n TNT, en 2010 se nombr\u00f3 la sala de arte \u201cHermana Sof\u00eda\u201d en honor al trabajo que esta gran mujer realiz\u00f3 junto al padre Jon Cortina en<span class=\"text_exposed_show\"> el municipio de San Antonio Los Ranchos y sus alrededores, durante el pasado conflicto armado. Quien contribuy\u00f3 a la educaci\u00f3n popular dedicando gran parte de su trabajo a ni\u00f1ez y Juventud.<br \/>\nCabe mencionar que la organizaci\u00f3n Oblatas del Coraz\u00f3n de Jes\u00fas, son copropietarias del inmueble en el que funciona el Centro Cultural junto a la ADESCO de San Antonio Los Ranchos.<\/span><\/p>\n","protected":false},"excerpt":{"rendered":"<p>Esta semana recibimos la visita de Hermana Sof\u00eda C\u00e1ceres, Rosa Emilia (Milita), Roc\u00edo \u00c1ngeles y Alejandrina Zuniga; Oblatas del Coraz\u00f3n de Jes\u00fas. Con el objetivo de ver el avance que [&hellip;]<\/p>\n","protected":false},"author":4,"featured_media":2639,"comment_status":"closed","ping_status":"open","sticky":false,"template":"","format":"standard","meta":{"spay_email":"","footnotes":""},"categories":[5],"tags":[],"class_list":["post-2641","post","type-post","status-publish","format-standard","has-post-thumbnail","hentry","category-noticias-tnt"],"jetpack_featured_media_url":"https:\/\/i0.wp.com\/www.tnt.org.sv\/wp\/wp-content\/uploads\/2020\/02\/IMG_6943.jpg?fit=4802%2C3026&ssl=1","jetpack_sharing_enabled":true,"jetpack_shortlink":"https:\/\/wp.me\/p7dK9I-GB","jetpack-related-posts":[{"id":549,"url":"https:\/\/www.tnt.org.sv\/wp\/2016\/05\/27\/visita-de-la-escuela-del-canton-las-minas-al-centro-cultural-jon-cortin\/","url_meta":{"origin":2641,"position":0},"title":"Visita de escuela del Cant\u00f3n Las Minas al Centro Cultural Jon Cortina","date":"27 mayo, 2016","format":false,"excerpt":"Este d\u00eda se realiz\u00f3 una visita pedag\u00f3gica del Centro Escolar Jorge Schafik Handal al Centro Cultural Jon Cortina para conocer el proyecto Peque-cine y Sala de Arte Hermana Sof\u00eda, como parte del Programa de Talleres Art\u00edsticos que desarrolla la Asociaci\u00f3n Cultural TNT en cinco municipios de Chalatenango. \u00a0En la actividad\u2026","rel":"","context":"En \u00abNoticias TNT\u00bb","img":{"alt_text":"","src":"https:\/\/i0.wp.com\/www.tnt.org.sv\/wp\/wp-content\/uploads\/2016\/05\/IMG_3126.jpg?fit=800%2C533&ssl=1&resize=350%2C200","width":350,"height":200},"classes":[]},{"id":1740,"url":"https:\/\/www.tnt.org.sv\/wp\/2018\/08\/11\/inauguracion-de-exposicion-fotografica-reencuentros-en-el-centro-cultural-jon-cortina\/","url_meta":{"origin":2641,"position":1},"title":"INAUGURACI\u00d3N DE EXPOSICI\u00d3N FOTOGR\u00c1FICA \u201cREENCUENTROS\u201d EN EL CENTRO CULTURAL JON CORTINA","date":"11 agosto, 2018","format":false,"excerpt":"La ma\u00f1ana del pasado viernes 10 de agosto el Centro Cultural Jon Cortina, abri\u00f3 sus puertas a estudiantes del Centro Escolar e Instituto Nacional de San Antonio Los Ranchos con motivos de la inauguraci\u00f3n de la exposici\u00f3n fotogr\u00e1fica \u201cREENCUENTROS\u201d y para conocer sobre la importancia del trabajo investigativo en la\u2026","rel":"","context":"En \u00abNoticias TNT\u00bb","img":{"alt_text":"","src":"https:\/\/i0.wp.com\/www.tnt.org.sv\/wp\/wp-content\/uploads\/2018\/08\/1.jpg?fit=1200%2C750&ssl=1&resize=350%2C200","width":350,"height":200},"classes":[]},{"id":1675,"url":"https:\/\/www.tnt.org.sv\/wp\/2018\/06\/26\/celebrando-en-comunidad-los-25-anos-tnt-y-10-del-centro-cultural-jon-cortina\/","url_meta":{"origin":2641,"position":2},"title":"Celebrando en Comunidad los 25 a\u00f1os TNT y 10 del Centro Cultural Jon Cortina","date":"26 junio, 2018","format":false,"excerpt":"Con presentaciones art\u00edsticas, m\u00fasica, juegos, risas, y sobre todo celebrando en comunidad, as\u00ed fue la gran fiesta de aniversarios de la Asociaci\u00f3n Tiempos Nuevos Teatro que llego a sus 25 a\u00f1os ininterrumpidos impulsando el trabajo en la educaci\u00f3n art\u00edstica, promoci\u00f3n cultural y el desarrollo de las comunidades con ni\u00f1ez, juventudes,\u2026","rel":"","context":"En \u00abNoticias TNT\u00bb","img":{"alt_text":"","src":"https:\/\/i0.wp.com\/www.tnt.org.sv\/wp\/wp-content\/uploads\/2018\/06\/rfigueroa-.jpg?fit=1200%2C411&ssl=1&resize=350%2C200","width":350,"height":200},"classes":[]},{"id":1545,"url":"https:\/\/www.tnt.org.sv\/wp\/2018\/01\/27\/visita-de-estudiantes-de-la-uca-al-centro-cultural-jon-cortina\/","url_meta":{"origin":2641,"position":3},"title":"VISITA DE ESTUDIANTES DE LA UCA AL CENTRO CULTURAL JON CORTINA.","date":"27 enero, 2018","format":false,"excerpt":"\u00a0 Esta ma\u00f1ana el Centro Cultural Jon Cortina abri\u00f3 sus puertas a estudiantes de la Universidad Centroamericana Jos\u00e9 Sime\u00f3n Ca\u00f1as, en la que pudieron conocer la filosof\u00eda y el trabajo que TNT realiza con la poblaci\u00f3n de todas las edades y en diferentes comunidades a lo largo de sus 25\u2026","rel":"","context":"En \u00abNoticias TNT\u00bb","img":{"alt_text":"","src":"https:\/\/i0.wp.com\/www.tnt.org.sv\/wp\/wp-content\/uploads\/2018\/01\/IMG_8996.jpg?fit=1200%2C650&ssl=1&resize=350%2C200","width":350,"height":200},"classes":[]},{"id":884,"url":"https:\/\/www.tnt.org.sv\/wp\/2016\/10\/22\/se-inauguro-la-exposicion-imagina-recicla-y-crea-en-ccjc\/","url_meta":{"origin":2641,"position":4},"title":"Se inaugur\u00f3 exposici\u00f3n \u201cImagina Recicla y Crea\u201d en CCJC","date":"22 octubre, 2016","format":false,"excerpt":"En el Centro Cultural Jon Cortina, este d\u00eda se inaugur\u00f3 la exposici\u00f3n \u201cImagina Recicla y Crea\u201d donde se mostraron trabajos de figuras de animales con llantas recicladas y cuadros de peri\u00f3dico y cart\u00f3n. Entre las figuras que se muestran est\u00e1 un oso, una tortuga, una mariquita, un sapo, un p\u00e1jaro,\u2026","rel":"","context":"En \u00abNoticias TNT\u00bb","img":{"alt_text":"","src":"https:\/\/i0.wp.com\/www.tnt.org.sv\/wp\/wp-content\/uploads\/2016\/10\/IMG_8759.jpg?fit=800%2C533&ssl=1&resize=350%2C200","width":350,"height":200},"classes":[]},{"id":1088,"url":"https:\/\/www.tnt.org.sv\/wp\/2016\/12\/14\/tnt-realizo-rendicion-de-cuentas-2016-y-conmemoracion-a-jon-cortina-y-dimas-rodriguez\/","url_meta":{"origin":2641,"position":5},"title":"TNT realiz\u00f3 rendici\u00f3n de cuentas 2016 y conmemoraci\u00f3n a Jon Cortina y Dimas Rodr\u00edguez","date":"14 diciembre, 2016","format":false,"excerpt":"La Asociaci\u00f3n Tiempos Nuevos Teatro (TNT) realiz\u00f3 su \u201cRendici\u00f3n de Cuentas 2016\u201d, el martes 13 de diciembre, con el objetivo de fomentar la transparencia e informar a la poblaci\u00f3n sobre el trabajo realizado durante todo el a\u00f1o 2016. Entre las actividades que se realizaron se encuentra, la animaci\u00f3n a la\u2026","rel":"","context":"En \u00abNoticias TNT\u00bb","img":{"alt_text":"","src":"https:\/\/i0.wp.com\/www.tnt.org.sv\/wp\/wp-content\/uploads\/2016\/12\/IMG_9015.jpg?fit=800%2C533&ssl=1&resize=350%2C200","width":350,"height":200},"classes":[]}],"_links":{"self":[{"href":"https:\/\/www.tnt.org.sv\/wp\/wp-json\/wp\/v2\/posts\/2641","targetHints":{"allow":["GET"]}}],"collection":[{"href":"https:\/\/www.tnt.org.sv\/wp\/wp-json\/wp\/v2\/posts"}],"about":[{"href":"https:\/\/www.tnt.org.sv\/wp\/wp-json\/wp\/v2\/types\/post"}],"author":[{"embeddable":true,"href":"https:\/\/www.tnt.org.sv\/wp\/wp-json\/wp\/v2\/users\/4"}],"replies":[{"embeddable":true,"href":"https:\/\/www.tnt.org.sv\/wp\/wp-json\/wp\/v2\/comments?post=2641"}],"version-history":[{"count":0,"href":"https:\/\/www.tnt.org.sv\/wp\/wp-json\/wp\/v2\/posts\/2641\/revisions"}],"wp:featuredmedia":[{"embeddable":true,"href":"https:\/\/www.tnt.org.sv\/wp\/wp-json\/wp\/v2\/media\/2639"}],"wp:attachment":[{"href":"https:\/\/www.tnt.org.sv\/wp\/wp-json\/wp\/v2\/media?parent=2641"}],"wp:term":[{"taxonomy":"category","embeddable":true,"href":"https:\/\/www.tnt.org.sv\/wp\/wp-json\/wp\/v2\/categories?post=2641"},{"taxonomy":"post_tag","embeddable":true,"href":"https:\/\/www.tnt.org.sv\/wp\/wp-json\/wp\/v2\/tags?post=2641"}],"curies":[{"name":"wp","href":"https:\/\/api.w.org\/{rel}","templated":true}]}}