{"id":2667,"date":"2020-02-29T17:51:34","date_gmt":"2020-02-29T17:51:34","guid":{"rendered":"http:\/\/www.tnt.org.sv\/wp\/?p=2667"},"modified":"2022-02-25T16:07:21","modified_gmt":"2022-02-25T16:07:21","slug":"la-importancia-de-la-sana-comunicacion-en-la-familia","status":"publish","type":"post","link":"https:\/\/www.tnt.org.sv\/wp\/2020\/02\/29\/la-importancia-de-la-sana-comunicacion-en-la-familia\/","title":{"rendered":"La importancia de la sana comunicaci\u00f3n en la familia"},"content":{"rendered":"<p style=\"text-align: justify;\"><img fetchpriority=\"high\" decoding=\"async\" data-attachment-id=\"2665\" data-permalink=\"https:\/\/www.tnt.org.sv\/wp\/2020\/02\/29\/la-importancia-de-la-sana-comunicacion-en-la-familia\/img_7240\/\" data-orig-file=\"https:\/\/i0.wp.com\/www.tnt.org.sv\/wp\/wp-content\/uploads\/2020\/02\/IMG_7240.jpg?fit=5184%2C2936&amp;ssl=1\" data-orig-size=\"5184,2936\" data-comments-opened=\"1\" data-image-meta=\"{&quot;aperture&quot;:&quot;3.5&quot;,&quot;credit&quot;:&quot;&quot;,&quot;camera&quot;:&quot;Canon EOS REBEL T5i&quot;,&quot;caption&quot;:&quot;&quot;,&quot;created_timestamp&quot;:&quot;1582904265&quot;,&quot;copyright&quot;:&quot;&quot;,&quot;focal_length&quot;:&quot;18&quot;,&quot;iso&quot;:&quot;1600&quot;,&quot;shutter_speed&quot;:&quot;0.008&quot;,&quot;title&quot;:&quot;&quot;,&quot;orientation&quot;:&quot;1&quot;}\" data-image-title=\"IMG_7240\" data-image-description=\"\" data-image-caption=\"\" data-medium-file=\"https:\/\/i0.wp.com\/www.tnt.org.sv\/wp\/wp-content\/uploads\/2020\/02\/IMG_7240.jpg?fit=300%2C170&amp;ssl=1\" data-large-file=\"https:\/\/i0.wp.com\/www.tnt.org.sv\/wp\/wp-content\/uploads\/2020\/02\/IMG_7240.jpg?fit=1024%2C580&amp;ssl=1\" class=\"wp-image-2665 size-medium alignleft\" src=\"https:\/\/i0.wp.com\/www.tnt.org.sv\/wp\/wp-content\/uploads\/2020\/02\/IMG_7240.jpg?resize=300%2C170&#038;ssl=1\" alt=\"IMG_7240\" width=\"300\" height=\"170\" srcset=\"https:\/\/i0.wp.com\/www.tnt.org.sv\/wp\/wp-content\/uploads\/2020\/02\/IMG_7240.jpg?resize=300%2C170&amp;ssl=1 300w, https:\/\/i0.wp.com\/www.tnt.org.sv\/wp\/wp-content\/uploads\/2020\/02\/IMG_7240.jpg?resize=768%2C435&amp;ssl=1 768w, https:\/\/i0.wp.com\/www.tnt.org.sv\/wp\/wp-content\/uploads\/2020\/02\/IMG_7240.jpg?resize=1024%2C580&amp;ssl=1 1024w, https:\/\/i0.wp.com\/www.tnt.org.sv\/wp\/wp-content\/uploads\/2020\/02\/IMG_7240.jpg?w=2340&amp;ssl=1 2340w, https:\/\/i0.wp.com\/www.tnt.org.sv\/wp\/wp-content\/uploads\/2020\/02\/IMG_7240.jpg?w=3510&amp;ssl=1 3510w\" sizes=\"(max-width: 300px) 100vw, 300px\" data-recalc-dims=\"1\" \/>Como parte del programa de educaci\u00f3n art\u00edstica y sociocultural, la Asociaci\u00f3n TNT propici\u00f3 un espacio de sano esparcimiento denominado \u201cTarde familiar\u201d, con el objetivo de generar un ambiente de reflexi\u00f3n y an\u00e1lisis sobre la importancia de las acciones que se ejercen dentro de familia, para el fortalecimiento de la comunicaci\u00f3n sana y efectiva.<\/p>\n<p style=\"text-align: justify;\"><img decoding=\"async\" data-attachment-id=\"2663\" data-permalink=\"https:\/\/www.tnt.org.sv\/wp\/2020\/02\/29\/la-importancia-de-la-sana-comunicacion-en-la-familia\/img_7209\/\" data-orig-file=\"https:\/\/i0.wp.com\/www.tnt.org.sv\/wp\/wp-content\/uploads\/2020\/02\/IMG_7209.jpg?fit=4536%2C2664&amp;ssl=1\" data-orig-size=\"4536,2664\" data-comments-opened=\"1\" data-image-meta=\"{&quot;aperture&quot;:&quot;3.5&quot;,&quot;credit&quot;:&quot;&quot;,&quot;camera&quot;:&quot;Canon EOS REBEL T5i&quot;,&quot;caption&quot;:&quot;&quot;,&quot;created_timestamp&quot;:&quot;1582901483&quot;,&quot;copyright&quot;:&quot;&quot;,&quot;focal_length&quot;:&quot;18&quot;,&quot;iso&quot;:&quot;1600&quot;,&quot;shutter_speed&quot;:&quot;0.04&quot;,&quot;title&quot;:&quot;&quot;,&quot;orientation&quot;:&quot;1&quot;}\" data-image-title=\"IMG_7209\" data-image-description=\"\" data-image-caption=\"\" data-medium-file=\"https:\/\/i0.wp.com\/www.tnt.org.sv\/wp\/wp-content\/uploads\/2020\/02\/IMG_7209.jpg?fit=300%2C176&amp;ssl=1\" data-large-file=\"https:\/\/i0.wp.com\/www.tnt.org.sv\/wp\/wp-content\/uploads\/2020\/02\/IMG_7209.jpg?fit=1024%2C601&amp;ssl=1\" class=\"alignright wp-image-2663 size-medium\" src=\"https:\/\/i0.wp.com\/www.tnt.org.sv\/wp\/wp-content\/uploads\/2020\/02\/IMG_7209.jpg?resize=300%2C176&#038;ssl=1\" alt=\"IMG_7209\" width=\"300\" height=\"176\" srcset=\"https:\/\/i0.wp.com\/www.tnt.org.sv\/wp\/wp-content\/uploads\/2020\/02\/IMG_7209.jpg?resize=300%2C176&amp;ssl=1 300w, https:\/\/i0.wp.com\/www.tnt.org.sv\/wp\/wp-content\/uploads\/2020\/02\/IMG_7209.jpg?resize=768%2C451&amp;ssl=1 768w, https:\/\/i0.wp.com\/www.tnt.org.sv\/wp\/wp-content\/uploads\/2020\/02\/IMG_7209.jpg?resize=1024%2C601&amp;ssl=1 1024w, https:\/\/i0.wp.com\/www.tnt.org.sv\/wp\/wp-content\/uploads\/2020\/02\/IMG_7209.jpg?w=2340&amp;ssl=1 2340w, https:\/\/i0.wp.com\/www.tnt.org.sv\/wp\/wp-content\/uploads\/2020\/02\/IMG_7209.jpg?w=3510&amp;ssl=1 3510w\" sizes=\"(max-width: 300px) 100vw, 300px\" data-recalc-dims=\"1\" \/>En la jornada l\u00fadica educativa, se realizaron din\u00e1micas integradoras, juegos y la proyecci\u00f3n de un cortometraje titulado \u201cLas familias no deben dejar de ver\u201d, el cual que permiti\u00f3 analizar sobre las situaciones y ambientes de vulnerabilidad para los diferentes tipos de familia, adem\u00e1s se reflexion\u00f3 en los siguientes aspectos: <strong>\u00bfQu\u00e9 tanto se practica la comunicaci\u00f3n en nuestra familia? y \u00bfQu\u00e9 podemos hacer para mejorar la comunicaci\u00f3n existente?<\/strong>, generando diversos puntos de vista enriquecieron la tem\u00e1tica, asimismo la comunicaci\u00f3n con los y las participantes, por medio de la t\u00e9cnica c\u00edrculos de palabra.<\/p>\n<p style=\"text-align: justify;\"><img decoding=\"async\" data-attachment-id=\"2662\" data-permalink=\"https:\/\/www.tnt.org.sv\/wp\/2020\/02\/29\/la-importancia-de-la-sana-comunicacion-en-la-familia\/img_7195\/\" data-orig-file=\"https:\/\/i0.wp.com\/www.tnt.org.sv\/wp\/wp-content\/uploads\/2020\/02\/IMG_7195.jpg?fit=5008%2C3456&amp;ssl=1\" data-orig-size=\"5008,3456\" data-comments-opened=\"1\" data-image-meta=\"{&quot;aperture&quot;:&quot;5.6&quot;,&quot;credit&quot;:&quot;&quot;,&quot;camera&quot;:&quot;Canon EOS REBEL T5i&quot;,&quot;caption&quot;:&quot;&quot;,&quot;created_timestamp&quot;:&quot;1582900975&quot;,&quot;copyright&quot;:&quot;&quot;,&quot;focal_length&quot;:&quot;25&quot;,&quot;iso&quot;:&quot;800&quot;,&quot;shutter_speed&quot;:&quot;0.033333333333333&quot;,&quot;title&quot;:&quot;&quot;,&quot;orientation&quot;:&quot;1&quot;}\" data-image-title=\"IMG_7195\" data-image-description=\"\" data-image-caption=\"\" data-medium-file=\"https:\/\/i0.wp.com\/www.tnt.org.sv\/wp\/wp-content\/uploads\/2020\/02\/IMG_7195.jpg?fit=300%2C207&amp;ssl=1\" data-large-file=\"https:\/\/i0.wp.com\/www.tnt.org.sv\/wp\/wp-content\/uploads\/2020\/02\/IMG_7195.jpg?fit=1024%2C707&amp;ssl=1\" class=\"aligncenter wp-image-2662 size-large\" src=\"https:\/\/i0.wp.com\/www.tnt.org.sv\/wp\/wp-content\/uploads\/2020\/02\/IMG_7195.jpg?resize=618%2C427&#038;ssl=1\" alt=\"IMG_7195\" width=\"618\" height=\"427\" srcset=\"https:\/\/i0.wp.com\/www.tnt.org.sv\/wp\/wp-content\/uploads\/2020\/02\/IMG_7195.jpg?resize=1024%2C707&amp;ssl=1 1024w, https:\/\/i0.wp.com\/www.tnt.org.sv\/wp\/wp-content\/uploads\/2020\/02\/IMG_7195.jpg?resize=300%2C207&amp;ssl=1 300w, https:\/\/i0.wp.com\/www.tnt.org.sv\/wp\/wp-content\/uploads\/2020\/02\/IMG_7195.jpg?resize=768%2C530&amp;ssl=1 768w, https:\/\/i0.wp.com\/www.tnt.org.sv\/wp\/wp-content\/uploads\/2020\/02\/IMG_7195.jpg?w=2340&amp;ssl=1 2340w, https:\/\/i0.wp.com\/www.tnt.org.sv\/wp\/wp-content\/uploads\/2020\/02\/IMG_7195.jpg?w=3510&amp;ssl=1 3510w\" sizes=\"(max-width: 618px) 100vw, 618px\" data-recalc-dims=\"1\" \/><\/p>\n<p style=\"text-align: justify;\"><img loading=\"lazy\" decoding=\"async\" data-attachment-id=\"2666\" data-permalink=\"https:\/\/www.tnt.org.sv\/wp\/2020\/02\/29\/la-importancia-de-la-sana-comunicacion-en-la-familia\/img_7243\/\" data-orig-file=\"https:\/\/i0.wp.com\/www.tnt.org.sv\/wp\/wp-content\/uploads\/2020\/02\/IMG_7243.jpg?fit=5184%2C3456&amp;ssl=1\" data-orig-size=\"5184,3456\" data-comments-opened=\"1\" data-image-meta=\"{&quot;aperture&quot;:&quot;4&quot;,&quot;credit&quot;:&quot;&quot;,&quot;camera&quot;:&quot;Canon EOS REBEL T5i&quot;,&quot;caption&quot;:&quot;&quot;,&quot;created_timestamp&quot;:&quot;1582904426&quot;,&quot;copyright&quot;:&quot;&quot;,&quot;focal_length&quot;:&quot;24&quot;,&quot;iso&quot;:&quot;800&quot;,&quot;shutter_speed&quot;:&quot;0.016666666666667&quot;,&quot;title&quot;:&quot;&quot;,&quot;orientation&quot;:&quot;1&quot;}\" data-image-title=\"IMG_7243\" data-image-description=\"\" data-image-caption=\"\" data-medium-file=\"https:\/\/i0.wp.com\/www.tnt.org.sv\/wp\/wp-content\/uploads\/2020\/02\/IMG_7243.jpg?fit=300%2C200&amp;ssl=1\" data-large-file=\"https:\/\/i0.wp.com\/www.tnt.org.sv\/wp\/wp-content\/uploads\/2020\/02\/IMG_7243.jpg?fit=1024%2C683&amp;ssl=1\" class=\"alignleft wp-image-2666 size-medium\" src=\"https:\/\/i0.wp.com\/www.tnt.org.sv\/wp\/wp-content\/uploads\/2020\/02\/IMG_7243.jpg?resize=300%2C200&#038;ssl=1\" alt=\"IMG_7243\" width=\"300\" height=\"200\" srcset=\"https:\/\/i0.wp.com\/www.tnt.org.sv\/wp\/wp-content\/uploads\/2020\/02\/IMG_7243.jpg?resize=300%2C200&amp;ssl=1 300w, https:\/\/i0.wp.com\/www.tnt.org.sv\/wp\/wp-content\/uploads\/2020\/02\/IMG_7243.jpg?resize=768%2C512&amp;ssl=1 768w, https:\/\/i0.wp.com\/www.tnt.org.sv\/wp\/wp-content\/uploads\/2020\/02\/IMG_7243.jpg?resize=1024%2C683&amp;ssl=1 1024w, https:\/\/i0.wp.com\/www.tnt.org.sv\/wp\/wp-content\/uploads\/2020\/02\/IMG_7243.jpg?w=2340&amp;ssl=1 2340w, https:\/\/i0.wp.com\/www.tnt.org.sv\/wp\/wp-content\/uploads\/2020\/02\/IMG_7243.jpg?w=3510&amp;ssl=1 3510w\" sizes=\"(max-width: 300px) 100vw, 300px\" data-recalc-dims=\"1\" \/>As\u00ed tambi\u00e9n, para los peque\u00f1os y peque\u00f1as del hogar, se habilit\u00f3 un espacio l\u00fadico de biblioteca. Este permiti\u00f3 que la ni\u00f1ez expresara de manera creativa pintando y trabajando en equipo; reflexionar sobre cuentos basados en la importancia de las buenas pr\u00e1cticas en la familia.<\/p>\n<p style=\"text-align: justify;\">\n<p style=\"text-align: justify;\">\n<p style=\"text-align: justify;\"><img loading=\"lazy\" decoding=\"async\" data-attachment-id=\"2664\" data-permalink=\"https:\/\/www.tnt.org.sv\/wp\/2020\/02\/29\/la-importancia-de-la-sana-comunicacion-en-la-familia\/img_7231\/\" data-orig-file=\"https:\/\/i0.wp.com\/www.tnt.org.sv\/wp\/wp-content\/uploads\/2020\/02\/IMG_7231.jpg?fit=4616%2C2912&amp;ssl=1\" data-orig-size=\"4616,2912\" data-comments-opened=\"1\" data-image-meta=\"{&quot;aperture&quot;:&quot;5&quot;,&quot;credit&quot;:&quot;&quot;,&quot;camera&quot;:&quot;Canon EOS REBEL T5i&quot;,&quot;caption&quot;:&quot;&quot;,&quot;created_timestamp&quot;:&quot;1582903504&quot;,&quot;copyright&quot;:&quot;&quot;,&quot;focal_length&quot;:&quot;39&quot;,&quot;iso&quot;:&quot;800&quot;,&quot;shutter_speed&quot;:&quot;0.033333333333333&quot;,&quot;title&quot;:&quot;&quot;,&quot;orientation&quot;:&quot;1&quot;}\" data-image-title=\"IMG_7231\" data-image-description=\"\" data-image-caption=\"\" data-medium-file=\"https:\/\/i0.wp.com\/www.tnt.org.sv\/wp\/wp-content\/uploads\/2020\/02\/IMG_7231.jpg?fit=300%2C189&amp;ssl=1\" data-large-file=\"https:\/\/i0.wp.com\/www.tnt.org.sv\/wp\/wp-content\/uploads\/2020\/02\/IMG_7231.jpg?fit=1024%2C646&amp;ssl=1\" class=\"alignright wp-image-2664 size-medium\" src=\"https:\/\/i0.wp.com\/www.tnt.org.sv\/wp\/wp-content\/uploads\/2020\/02\/IMG_7231.jpg?resize=300%2C189&#038;ssl=1\" alt=\"IMG_7231\" width=\"300\" height=\"189\" srcset=\"https:\/\/i0.wp.com\/www.tnt.org.sv\/wp\/wp-content\/uploads\/2020\/02\/IMG_7231.jpg?resize=300%2C189&amp;ssl=1 300w, https:\/\/i0.wp.com\/www.tnt.org.sv\/wp\/wp-content\/uploads\/2020\/02\/IMG_7231.jpg?resize=768%2C484&amp;ssl=1 768w, https:\/\/i0.wp.com\/www.tnt.org.sv\/wp\/wp-content\/uploads\/2020\/02\/IMG_7231.jpg?resize=1024%2C646&amp;ssl=1 1024w, https:\/\/i0.wp.com\/www.tnt.org.sv\/wp\/wp-content\/uploads\/2020\/02\/IMG_7231.jpg?w=2340&amp;ssl=1 2340w, https:\/\/i0.wp.com\/www.tnt.org.sv\/wp\/wp-content\/uploads\/2020\/02\/IMG_7231.jpg?w=3510&amp;ssl=1 3510w\" sizes=\"(max-width: 300px) 100vw, 300px\" data-recalc-dims=\"1\" \/><\/p>\n<p style=\"text-align: justify;\">El programa de educaci\u00f3n art\u00edstica y sociocultural, a trav\u00e9s de la modalidad del componente Vamos al Cine y Biblioteca \u201cDimas Rodr\u00edguez\u201d; en sinergia con la alcald\u00eda de San Antonio Los Ranchos, promueve el enfoque de trabajo comunitario, en la promoci\u00f3n de derechos y empoderamiento para la formaci\u00f3n de nuevos l\u00edderes y lideresas comprometidas con la sociedad.<\/p>\n","protected":false},"excerpt":{"rendered":"<p>Como parte del programa de educaci\u00f3n art\u00edstica y sociocultural, la Asociaci\u00f3n TNT propici\u00f3 un espacio de sano esparcimiento denominado \u201cTarde familiar\u201d, con el objetivo de generar un ambiente de reflexi\u00f3n [&hellip;]<\/p>\n","protected":false},"author":4,"featured_media":2661,"comment_status":"closed","ping_status":"open","sticky":false,"template":"","format":"standard","meta":{"spay_email":"","footnotes":""},"categories":[5],"tags":[],"class_list":["post-2667","post","type-post","status-publish","format-standard","has-post-thumbnail","hentry","category-noticias-tnt"],"jetpack_featured_media_url":"https:\/\/i0.wp.com\/www.tnt.org.sv\/wp\/wp-content\/uploads\/2020\/02\/1IMG_7187.jpg?fit=5184%2C3200&ssl=1","jetpack_sharing_enabled":true,"jetpack_shortlink":"https:\/\/wp.me\/p7dK9I-H1","jetpack-related-posts":[{"id":3584,"url":"https:\/\/www.tnt.org.sv\/wp\/2021\/06\/30\/fortalecimiento-familiar-a-traves-del-acompanamiento-psicosocial\/","url_meta":{"origin":2667,"position":0},"title":"Fortalecimiento familiar a trav\u00e9s del acompa\u00f1amiento psicosocial.","date":"30 junio, 2021","format":false,"excerpt":"Las jornadas de atenci\u00f3n psicosocial con enfoque en el fortalecimiento familiar dirigidas a responsables de familia de ni\u00f1os y ni\u00f1as participantes del taller art\u00edstico infantil se desarrollaron en el Cant\u00f3n Las Minas y San Antonio Los Ranchos. \u00a0 \u00a0 Estas sesiones generaron espacios para reflexionar y debatir acerca de los\u2026","rel":"","context":"En \u00abNoticias TNT\u00bb","img":{"alt_text":"","src":"https:\/\/i0.wp.com\/www.tnt.org.sv\/wp\/wp-content\/uploads\/2021\/06\/IMG_2348-scaled.jpg?fit=1200%2C773&ssl=1&resize=350%2C200","width":350,"height":200},"classes":[]},{"id":3690,"url":"https:\/\/www.tnt.org.sv\/wp\/2021\/09\/09\/3690\/","url_meta":{"origin":2667,"position":1},"title":"AUTOCONTROL Y GESTI\u00d3N DE MIS EMOCIONES A TRAV\u00c9S DE LA ATENCI\u00d3N PSICOSOCIAL.","date":"9 septiembre, 2021","format":false,"excerpt":"Como parte del desarrollo del programa de Educaci\u00f3n Art\u00edstica y Sociocultural, contin\u00faan las jornadas de atenci\u00f3n psicosocial dirigidas a ni\u00f1as, ni\u00f1os, adolescentes y j\u00f3venes junto a sus madres, padres y\/o responsables de familia, y de la misma manera, a la poblaci\u00f3n adulta mayor participante de nuestros procesos que desarrollamos sectorialmente\u2026","rel":"","context":"En \u00abNoticias TNT\u00bb","img":{"alt_text":"","src":"https:\/\/i0.wp.com\/www.tnt.org.sv\/wp\/wp-content\/uploads\/2021\/09\/IMG_4629-scaled.jpg?fit=1200%2C800&ssl=1&resize=350%2C200","width":350,"height":200},"classes":[]},{"id":1729,"url":"https:\/\/www.tnt.org.sv\/wp\/2018\/07\/27\/tarde-recreativa-educativa-en-cbi-de-san-antonio-los-ranchos\/","url_meta":{"origin":2667,"position":2},"title":"TARDE RECREATIVA EDUCATIVA EN CBI DE SAN ANTONIO LOS RANCHOS","date":"27 julio, 2018","format":false,"excerpt":"Con juegos, pintas caritas y diversi\u00f3n total en el castillo inflable gigante, ni\u00f1ez del Centro de Bienestar Infantil (CBI) junto a madres y padres de familia disfrutaron esta tarde de una jornada recreativa y educativa con el objetivo de promover la importancia de las actividades l\u00fadicas como metodolog\u00edas de aprendizaje\u2026","rel":"","context":"En \u00abNoticias TNT\u00bb","img":{"alt_text":"","src":"https:\/\/i0.wp.com\/www.tnt.org.sv\/wp\/wp-content\/uploads\/2018\/07\/IMG_1620.jpg?fit=1200%2C763&ssl=1&resize=350%2C200","width":350,"height":200},"classes":[]},{"id":2521,"url":"https:\/\/www.tnt.org.sv\/wp\/2019\/11\/13\/atencion-psicosocial-y-convivio-junto-a-participantes-de-procesos-de-formacion-artistica\/","url_meta":{"origin":2667,"position":3},"title":"Atenci\u00f3n psicosocial y convivio junto a participantes de procesos de formaci\u00f3n Art\u00edstica","date":"13 noviembre, 2019","format":false,"excerpt":"El pasado 9 de noviembre del presente a\u00f1o, se desarroll\u00f3 una jornada convivio y de atenci\u00f3n psicosocial, con chicos y chicas participantes de procesos de formaci\u00f3n art\u00edstica, que impulsa la Asociaci\u00f3n Tiempos Nuevos Teatro (TNT) en la zona nororiente y sur de Chalatenango. con el objetivo de fortalecer en el\u2026","rel":"","context":"En \u00abNoticias TNT\u00bb","img":{"alt_text":"","src":"https:\/\/i0.wp.com\/www.tnt.org.sv\/wp\/wp-content\/uploads\/2019\/11\/IMG_5361.jpg?fit=1200%2C703&ssl=1&resize=350%2C200","width":350,"height":200},"classes":[]},{"id":2568,"url":"https:\/\/www.tnt.org.sv\/wp\/2019\/11\/25\/tercer-dia-del-23-festival-artistico-chalateco-y-13-festival-del-maiz\/","url_meta":{"origin":2667,"position":4},"title":"Tercer d\u00eda del 23\u00b0 Festival Art\u00edstico Chalateco y 13\u00b0 Festival del Ma\u00edz","date":"25 noviembre, 2019","format":false,"excerpt":"En el Tercer d\u00eda del Festival Art\u00edstico Chalateco y Festival del Ma\u00edz 2019, el parque cultural de San Antonio Los Ranchos, recibi\u00f3 la visita de ni\u00f1ez, juventud y personas adultas mayores, con el objetivo de continuar disfrutando y celebrando de la principal cita anual de las artes esc\u00e9nicas en el\u2026","rel":"","context":"En \u00abNoticias TNT\u00bb","img":{"alt_text":"","src":"https:\/\/i0.wp.com\/www.tnt.org.sv\/wp\/wp-content\/uploads\/2019\/11\/rfigueroa-4.jpg?fit=1200%2C468&ssl=1&resize=350%2C200","width":350,"height":200},"classes":[]},{"id":3171,"url":"https:\/\/www.tnt.org.sv\/wp\/2020\/11\/29\/apertura-de-la-24-edicion-del-festival-artistico-chalateco-y-14-edicion-del-festival-del-maiz\/","url_meta":{"origin":2667,"position":5},"title":"Apertura de la 24\u00b0 edici\u00f3n del Festival Art\u00edstico Chalateco y 14\u00b0 Edici\u00f3n del Festival del Ma\u00edz.","date":"29 noviembre, 2020","format":false,"excerpt":"Vivimos con mucha alegr\u00eda la apertura de la vig\u00e9sima cuarta edici\u00f3n del Festival Art\u00edstico chalateco y d\u00e9cima cuarta edici\u00f3n del Festival del Ma\u00edz, en el Parque cultural de San Antonio Los Ranchos, con la infaltable feria gastron\u00f3mica y presentaciones art\u00edsticas para toda la familia. Contamos con la participaci\u00f3n del Grupo\u2026","rel":"","context":"En \u00abNoticias TNT\u00bb","img":{"alt_text":"","src":"https:\/\/i0.wp.com\/www.tnt.org.sv\/wp\/wp-content\/uploads\/2020\/11\/rfigueroa-0112.jpg?fit=1200%2C800&ssl=1&resize=350%2C200","width":350,"height":200},"classes":[]}],"_links":{"self":[{"href":"https:\/\/www.tnt.org.sv\/wp\/wp-json\/wp\/v2\/posts\/2667","targetHints":{"allow":["GET"]}}],"collection":[{"href":"https:\/\/www.tnt.org.sv\/wp\/wp-json\/wp\/v2\/posts"}],"about":[{"href":"https:\/\/www.tnt.org.sv\/wp\/wp-json\/wp\/v2\/types\/post"}],"author":[{"embeddable":true,"href":"https:\/\/www.tnt.org.sv\/wp\/wp-json\/wp\/v2\/users\/4"}],"replies":[{"embeddable":true,"href":"https:\/\/www.tnt.org.sv\/wp\/wp-json\/wp\/v2\/comments?post=2667"}],"version-history":[{"count":0,"href":"https:\/\/www.tnt.org.sv\/wp\/wp-json\/wp\/v2\/posts\/2667\/revisions"}],"wp:featuredmedia":[{"embeddable":true,"href":"https:\/\/www.tnt.org.sv\/wp\/wp-json\/wp\/v2\/media\/2661"}],"wp:attachment":[{"href":"https:\/\/www.tnt.org.sv\/wp\/wp-json\/wp\/v2\/media?parent=2667"}],"wp:term":[{"taxonomy":"category","embeddable":true,"href":"https:\/\/www.tnt.org.sv\/wp\/wp-json\/wp\/v2\/categories?post=2667"},{"taxonomy":"post_tag","embeddable":true,"href":"https:\/\/www.tnt.org.sv\/wp\/wp-json\/wp\/v2\/tags?post=2667"}],"curies":[{"name":"wp","href":"https:\/\/api.w.org\/{rel}","templated":true}]}}