{"id":2686,"date":"2020-06-26T15:36:44","date_gmt":"2020-06-26T15:36:44","guid":{"rendered":"http:\/\/www.tnt.org.sv\/wp\/?p=2686"},"modified":"2022-02-25T16:07:21","modified_gmt":"2022-02-25T16:07:21","slug":"tnt-celebra-27-anos-haciendo-cotidiano-el-arte-y-12-anos-del-centro-cultural-jon-cortina","status":"publish","type":"post","link":"https:\/\/www.tnt.org.sv\/wp\/2020\/06\/26\/tnt-celebra-27-anos-haciendo-cotidiano-el-arte-y-12-anos-del-centro-cultural-jon-cortina\/","title":{"rendered":"TNT celebra 27 a\u00f1os Haciendo Cotidiano el Arte y 12 a\u00f1os del Centro Cultural Jon Cortina"},"content":{"rendered":"\n<p>La<strong> Asociaci\u00f3n Tiempos Nuevos Teatro<\/strong> celebr\u00f3 sus 27 a\u00f1os de trabajo comunitario y 12 a\u00f1os de la apertura del Centro Cultural Jon Cortina, impulsando metodolog\u00edas creativas y l\u00fadicas de educaci\u00f3n art\u00edstica y sociocultural al servicio de ni\u00f1ez, juventudes, mujeres y personas adultas mayores.<\/p>\n\n\n\n<figure class=\"wp-block-image size-large\"><img fetchpriority=\"high\" decoding=\"async\" width=\"1024\" height=\"609\" data-attachment-id=\"2578\" data-permalink=\"https:\/\/www.tnt.org.sv\/wp\/2020\/11\/12\/tnt-celebrara-el-24o-festival-artistico-chalateco-y-14o-festival-del-maiz\/rfigueroa-5648\/\" data-orig-file=\"https:\/\/i0.wp.com\/www.tnt.org.sv\/wp\/wp-content\/uploads\/2019\/11\/rfigueroa-5648.jpg?fit=1136%2C676&amp;ssl=1\" data-orig-size=\"1136,676\" data-comments-opened=\"1\" data-image-meta=\"{&quot;aperture&quot;:&quot;0&quot;,&quot;credit&quot;:&quot;&quot;,&quot;camera&quot;:&quot;&quot;,&quot;caption&quot;:&quot;&quot;,&quot;created_timestamp&quot;:&quot;0&quot;,&quot;copyright&quot;:&quot;&quot;,&quot;focal_length&quot;:&quot;0&quot;,&quot;iso&quot;:&quot;0&quot;,&quot;shutter_speed&quot;:&quot;0&quot;,&quot;title&quot;:&quot;&quot;,&quot;orientation&quot;:&quot;0&quot;}\" data-image-title=\"rfigueroa-5648\" data-image-description=\"\" data-image-caption=\"&lt;p&gt;Staff Festival Art\u00edstico Chalateco y festival del Ma\u00edz 2020&lt;\/p&gt;\n\" data-medium-file=\"https:\/\/i0.wp.com\/www.tnt.org.sv\/wp\/wp-content\/uploads\/2019\/11\/rfigueroa-5648.jpg?fit=300%2C179&amp;ssl=1\" data-large-file=\"https:\/\/i0.wp.com\/www.tnt.org.sv\/wp\/wp-content\/uploads\/2019\/11\/rfigueroa-5648.jpg?fit=1024%2C609&amp;ssl=1\" src=\"https:\/\/i0.wp.com\/www.tnt.org.sv\/wp\/wp-content\/uploads\/2019\/11\/rfigueroa-5648.jpg?resize=1024%2C609&#038;ssl=1\" alt=\"\" class=\"wp-image-2578\" srcset=\"https:\/\/i0.wp.com\/www.tnt.org.sv\/wp\/wp-content\/uploads\/2019\/11\/rfigueroa-5648.jpg?resize=1024%2C609&amp;ssl=1 1024w, https:\/\/i0.wp.com\/www.tnt.org.sv\/wp\/wp-content\/uploads\/2019\/11\/rfigueroa-5648.jpg?resize=300%2C179&amp;ssl=1 300w, https:\/\/i0.wp.com\/www.tnt.org.sv\/wp\/wp-content\/uploads\/2019\/11\/rfigueroa-5648.jpg?resize=768%2C457&amp;ssl=1 768w, https:\/\/i0.wp.com\/www.tnt.org.sv\/wp\/wp-content\/uploads\/2019\/11\/rfigueroa-5648.jpg?w=1136&amp;ssl=1 1136w\" sizes=\"(max-width: 1024px) 100vw, 1024px\" data-recalc-dims=\"1\" \/><figcaption><em>Staff Festival Art\u00edstico Chalateco y Festival del Ma\u00edz 2019<\/em><\/figcaption><\/figure>\n\n\n\n<p>Este a\u00f1o y debido a la emergencia mundial por la pandemia COVID-19, como Asociaci\u00f3n nos reinventamos para poder llevar esta celebraci\u00f3n hasta los hogares de cada persona de manera virtual, a trav\u00e9s de nuestros medios digitales.<\/p>\n\n\n\n<p class=\"has-text-color has-vivid-cyan-blue-color\"><em><a href=\"https:\/\/www.facebook.com\/AsocTNT\/videos\/290292428822034\/\" target=\"_blank\" rel=\"noreferrer noopener\">mira aqu\u00ed la trasmisi\u00f3n completa<\/a><\/em><\/p>\n\n\n\n<p>La trasmisi\u00f3n inici\u00f3 con una serie de im\u00e1genes que resumen el trabajo realizado durante este camino; seguido de la presentaci\u00f3n del video documental sobre el Origen TNT y legado de nuestro gran amigo, Jon Cortina.<\/p>\n\n\n\n<p>Adem\u00e1s, como TNT expresamos nuestra posici\u00f3n en el tema de la \u201cMilitarizaci\u00f3n en tiempo de Pandemia\u201d nos preocupa, que el impacto de estas estrategias, al hacer frente a la pandemia, puedan lograr que la sociedad despu\u00e9s de superar la crisis sanitaria, cambie su manera de relacionarse; corremos el riesgo que permanezcan los sistemas militarizados ya que estos se est\u00e1n volviendo normales dentro de este contexto.<\/p>\n\n\n\n<p>Como parte de los frutos del modelo de Inserci\u00f3n Social que desarrollamos con mujeres j\u00f3venes privadas de libertad; tuvimos la interpretaci\u00f3n musical por el Ensamble de cuerdas \u201cLiberARTE\u201d quienes nos deleitaron con la canci\u00f3n \u201cBella Ciao\u201d<\/p>\n\n\n\n<figure class=\"wp-block-image size-large\"><img decoding=\"async\" width=\"1696\" height=\"869\" data-attachment-id=\"2692\" data-permalink=\"https:\/\/www.tnt.org.sv\/wp\/2020\/06\/26\/tnt-celebra-27-anos-haciendo-cotidiano-el-arte-y-12-anos-del-centro-cultural-jon-cortina\/liberarte\/\" data-orig-file=\"https:\/\/i0.wp.com\/www.tnt.org.sv\/wp\/wp-content\/uploads\/2020\/06\/LiberArte.png?fit=1696%2C869&amp;ssl=1\" data-orig-size=\"1696,869\" data-comments-opened=\"1\" data-image-meta=\"{&quot;aperture&quot;:&quot;0&quot;,&quot;credit&quot;:&quot;&quot;,&quot;camera&quot;:&quot;&quot;,&quot;caption&quot;:&quot;&quot;,&quot;created_timestamp&quot;:&quot;0&quot;,&quot;copyright&quot;:&quot;&quot;,&quot;focal_length&quot;:&quot;0&quot;,&quot;iso&quot;:&quot;0&quot;,&quot;shutter_speed&quot;:&quot;0&quot;,&quot;title&quot;:&quot;&quot;,&quot;orientation&quot;:&quot;0&quot;}\" data-image-title=\"LiberArte\" data-image-description=\"\" data-image-caption=\"\" data-medium-file=\"https:\/\/i0.wp.com\/www.tnt.org.sv\/wp\/wp-content\/uploads\/2020\/06\/LiberArte.png?fit=300%2C154&amp;ssl=1\" data-large-file=\"https:\/\/i0.wp.com\/www.tnt.org.sv\/wp\/wp-content\/uploads\/2020\/06\/LiberArte.png?fit=1024%2C525&amp;ssl=1\" src=\"http:\/\/i1.wp.com\/www.tnt.org.sv\/wp\/wp-content\/uploads\/2020\/06\/LiberArte.png?fit=618%2C317\" alt=\"\" class=\"wp-image-2692\" srcset=\"https:\/\/i0.wp.com\/www.tnt.org.sv\/wp\/wp-content\/uploads\/2020\/06\/LiberArte.png?w=1696&amp;ssl=1 1696w, https:\/\/i0.wp.com\/www.tnt.org.sv\/wp\/wp-content\/uploads\/2020\/06\/LiberArte.png?resize=300%2C154&amp;ssl=1 300w, https:\/\/i0.wp.com\/www.tnt.org.sv\/wp\/wp-content\/uploads\/2020\/06\/LiberArte.png?resize=1024%2C525&amp;ssl=1 1024w, https:\/\/i0.wp.com\/www.tnt.org.sv\/wp\/wp-content\/uploads\/2020\/06\/LiberArte.png?resize=768%2C394&amp;ssl=1 768w, https:\/\/i0.wp.com\/www.tnt.org.sv\/wp\/wp-content\/uploads\/2020\/06\/LiberArte.png?resize=1536%2C787&amp;ssl=1 1536w\" sizes=\"(max-width: 1170px) 100vw, 1170px\" \/><figcaption><em>Ensamble LiberArte<\/em><\/figcaption><\/figure>\n\n\n\n<p>El momento fue especial, ya que se desvelaron grandes noticias, entre ellas; el anuncio oficial del desarrollo de un convenio de trabajo junto al Fondo de las Naciones Unidas para la Infancia (UNICEF) el cual permitir\u00e1 continuar procesos art\u00edsticos y socioculturales con ni\u00f1ez y adolescencia.<\/p>\n\n\n\n<div class=\"wp-block-image\"><figure class=\"aligncenter size-medium\"><img decoding=\"async\" width=\"1221\" height=\"867\" data-attachment-id=\"2693\" data-permalink=\"https:\/\/www.tnt.org.sv\/wp\/2020\/06\/26\/tnt-celebra-27-anos-haciendo-cotidiano-el-arte-y-12-anos-del-centro-cultural-jon-cortina\/unicef\/\" data-orig-file=\"https:\/\/i0.wp.com\/www.tnt.org.sv\/wp\/wp-content\/uploads\/2020\/06\/unicef.png?fit=1221%2C867&amp;ssl=1\" data-orig-size=\"1221,867\" data-comments-opened=\"1\" data-image-meta=\"{&quot;aperture&quot;:&quot;0&quot;,&quot;credit&quot;:&quot;&quot;,&quot;camera&quot;:&quot;&quot;,&quot;caption&quot;:&quot;&quot;,&quot;created_timestamp&quot;:&quot;0&quot;,&quot;copyright&quot;:&quot;&quot;,&quot;focal_length&quot;:&quot;0&quot;,&quot;iso&quot;:&quot;0&quot;,&quot;shutter_speed&quot;:&quot;0&quot;,&quot;title&quot;:&quot;&quot;,&quot;orientation&quot;:&quot;0&quot;}\" data-image-title=\"unicef\" data-image-description=\"\" data-image-caption=\"\" data-medium-file=\"https:\/\/i0.wp.com\/www.tnt.org.sv\/wp\/wp-content\/uploads\/2020\/06\/unicef.png?fit=300%2C213&amp;ssl=1\" data-large-file=\"https:\/\/i0.wp.com\/www.tnt.org.sv\/wp\/wp-content\/uploads\/2020\/06\/unicef.png?fit=1024%2C727&amp;ssl=1\" src=\"http:\/\/i2.wp.com\/www.tnt.org.sv\/wp\/wp-content\/uploads\/2020\/06\/unicef.png?fit=300%2C213\" alt=\"\" class=\"wp-image-2693\" srcset=\"https:\/\/i0.wp.com\/www.tnt.org.sv\/wp\/wp-content\/uploads\/2020\/06\/unicef.png?w=1221&amp;ssl=1 1221w, https:\/\/i0.wp.com\/www.tnt.org.sv\/wp\/wp-content\/uploads\/2020\/06\/unicef.png?resize=300%2C213&amp;ssl=1 300w, https:\/\/i0.wp.com\/www.tnt.org.sv\/wp\/wp-content\/uploads\/2020\/06\/unicef.png?resize=1024%2C727&amp;ssl=1 1024w, https:\/\/i0.wp.com\/www.tnt.org.sv\/wp\/wp-content\/uploads\/2020\/06\/unicef.png?resize=768%2C545&amp;ssl=1 768w\" sizes=\"(max-width: 1170px) 100vw, 1170px\" \/><\/figure><\/div>\n\n\n\n<p>Agradecemos a todas las personas que han apartado un momento de su tiempo para acompa\u00f1arnos en este caminar.&nbsp; A quienes forman parte de este proyecto, amistades, poblaci\u00f3n beneficiaria, l\u00edderes y lideresas comunitaria y organizaciones locales; as\u00ed mismo a las distintas organizaciones de cooperaci\u00f3n que con su apoyo han hecho posible este proyecto.&nbsp;<\/p>\n\n\n\n<p>Sigamos fortaleciendo nuestros lazos, a cuidarnos para que, al retornar a los espacios abiertos y cerrados, sigamos dando vida con espacios educativos y fortaleciendo la vida, por ahora por medio de diferentes canales de comunicaci\u00f3n, que nos recuerden los v\u00ednculos ya existentes y por los que vienen.&nbsp; Cuid\u00e9monos en comunidad y como especie, para que cuando regresemos al encuentro, lo hagamos desde el abrazo y desde el contacto con la humanidad.&nbsp;<\/p>\n\n\n\n<p><strong>TNT, 27 A\u00d1OS HACIENDO COTIDIANO EL ARTE<\/strong><\/p>\n","protected":false},"excerpt":{"rendered":"<p>La Asociaci\u00f3n Tiempos Nuevos Teatro celebr\u00f3 sus 27 a\u00f1os de trabajo comunitario y 12 a\u00f1os de la apertura del Centro Cultural Jon Cortina, impulsando metodolog\u00edas creativas y l\u00fadicas de educaci\u00f3n [&hellip;]<\/p>\n","protected":false},"author":4,"featured_media":2690,"comment_status":"closed","ping_status":"closed","sticky":false,"template":"","format":"standard","meta":{"spay_email":"","footnotes":""},"categories":[5,1],"tags":[18,15,16,17],"class_list":["post-2686","post","type-post","status-publish","format-standard","has-post-thumbnail","hentry","category-noticias-tnt","category-sin-categoria","tag-aniversario","tag-arte","tag-chalatenango","tag-cvc"],"jetpack_featured_media_url":"https:\/\/i0.wp.com\/www.tnt.org.sv\/wp\/wp-content\/uploads\/2020\/06\/Portada-video-aniversarios2020.jpg?fit=1024%2C576&ssl=1","jetpack_sharing_enabled":false,"jetpack_shortlink":"https:\/\/wp.me\/p7dK9I-Hk","jetpack-related-posts":[{"id":1302,"url":"https:\/\/www.tnt.org.sv\/wp\/2017\/06\/27\/tnt-celebra-24-anos-de-trabajo-artistico-y-9-anos-de-la-apertura-del-ccjc\/","url_meta":{"origin":2686,"position":0},"title":"TNT CELEBRA 24 A\u00d1OS DE TRABAJO ART\u00cdSTICO Y 9 A\u00d1OS DE LA APERTURA DEL CCJC","date":"27 junio, 2017","format":false,"excerpt":"\u00a0 La Asociaci\u00f3n Tiempos Nuevos Teatro lleg\u00f3 a sus 24 a\u00f1os de trabajo art\u00edstico comunitario acompa\u00f1ado de los 9 a\u00f1os de apertura del Centro Cultural Jon Cortina en San Antonio Los Ranchos, dicha asociaci\u00f3n promueve la educaci\u00f3n art\u00edstica y desarrollo con la ni\u00f1ez, juventudes y personas adultas mayores en comunidades\u2026","rel":"","context":"En \u00abNoticias TNT\u00bb","img":{"alt_text":"","src":"https:\/\/i0.wp.com\/www.tnt.org.sv\/wp\/wp-content\/uploads\/2017\/06\/IMG_3979.jpg?fit=1024%2C683&ssl=1&resize=350%2C200","width":350,"height":200},"classes":[]},{"id":625,"url":"https:\/\/www.tnt.org.sv\/wp\/2016\/06\/18\/la-asociacion-tnt-celebra-23-anos-de-trabajo-y-8-de-apertura-del-ccjc\/","url_meta":{"origin":2686,"position":1},"title":"La Asociaci\u00f3n TNT celebra 23 a\u00f1os de trabajo y 8 de apertura del CCJC","date":"18 junio, 2016","format":false,"excerpt":"La Asociaci\u00f3n Tiempos Nuevos Teatro (TNT) llega este 19 de junio de 2016 a sus 23 a\u00f1os\u00a0de trabajo ininterrumpidos y 8 a\u00f1os de haber aperturado el Centro Cultural Jon Cortina,\u00a0en San Antonio Los Ranchos, desde donde proyecta su trabajo de educaci\u00f3n art\u00edstica,\u00a0Promoci\u00f3n cultural y desarrollo comunitario con la ni\u00f1ez, juventud,\u2026","rel":"","context":"En \u00abNoticias TNT\u00bb","img":{"alt_text":"","src":"https:\/\/i0.wp.com\/www.tnt.org.sv\/wp\/wp-content\/uploads\/2016\/06\/MG_8812.jpg?fit=1000%2C616&ssl=1&resize=350%2C200","width":350,"height":200},"classes":[]},{"id":4187,"url":"https:\/\/www.tnt.org.sv\/wp\/2022\/06\/24\/despues-de-29-anos-seguimos-haciendo-cotidiano-el-arte\/","url_meta":{"origin":2686,"position":2},"title":"DESPU\u00c9S DE 29 A\u00d1OS: SEGUIMOS HACIENDO COTIDIANO EL ARTE","date":"24 junio, 2022","format":false,"excerpt":"La Asociaci\u00f3n Tiempos Nuevos Teatro celebr\u00f3 su 29 aniversario y 14 a\u00f1os de la creaci\u00f3n del Centro Cultural Jon Cortina, espacios que desde su formaci\u00f3n han trabajado por propiciar la apertura, acceso y la ense\u00f1anza del arte y cultura a nivel nacional e internacional. La Asociaci\u00f3n Tiempos Nuevos Teatro, naci\u00f3\u2026","rel":"","context":"En \u00abNoticias TNT\u00bb","img":{"alt_text":"","src":"https:\/\/i0.wp.com\/www.tnt.org.sv\/wp\/wp-content\/uploads\/2022\/06\/13-scaled.jpg?fit=1200%2C800&ssl=1&resize=350%2C200","width":350,"height":200},"classes":[]},{"id":1675,"url":"https:\/\/www.tnt.org.sv\/wp\/2018\/06\/26\/celebrando-en-comunidad-los-25-anos-tnt-y-10-del-centro-cultural-jon-cortina\/","url_meta":{"origin":2686,"position":3},"title":"Celebrando en Comunidad los 25 a\u00f1os TNT y 10 del Centro Cultural Jon Cortina","date":"26 junio, 2018","format":false,"excerpt":"Con presentaciones art\u00edsticas, m\u00fasica, juegos, risas, y sobre todo celebrando en comunidad, as\u00ed fue la gran fiesta de aniversarios de la Asociaci\u00f3n Tiempos Nuevos Teatro que llego a sus 25 a\u00f1os ininterrumpidos impulsando el trabajo en la educaci\u00f3n art\u00edstica, promoci\u00f3n cultural y el desarrollo de las comunidades con ni\u00f1ez, juventudes,\u2026","rel":"","context":"En \u00abNoticias TNT\u00bb","img":{"alt_text":"","src":"https:\/\/i0.wp.com\/www.tnt.org.sv\/wp\/wp-content\/uploads\/2018\/06\/rfigueroa-.jpg?fit=1200%2C411&ssl=1&resize=350%2C200","width":350,"height":200},"classes":[]},{"id":1088,"url":"https:\/\/www.tnt.org.sv\/wp\/2016\/12\/14\/tnt-realizo-rendicion-de-cuentas-2016-y-conmemoracion-a-jon-cortina-y-dimas-rodriguez\/","url_meta":{"origin":2686,"position":4},"title":"TNT realiz\u00f3 rendici\u00f3n de cuentas 2016 y conmemoraci\u00f3n a Jon Cortina y Dimas Rodr\u00edguez","date":"14 diciembre, 2016","format":false,"excerpt":"La Asociaci\u00f3n Tiempos Nuevos Teatro (TNT) realiz\u00f3 su \u201cRendici\u00f3n de Cuentas 2016\u201d, el martes 13 de diciembre, con el objetivo de fomentar la transparencia e informar a la poblaci\u00f3n sobre el trabajo realizado durante todo el a\u00f1o 2016. Entre las actividades que se realizaron se encuentra, la animaci\u00f3n a la\u2026","rel":"","context":"En \u00abNoticias TNT\u00bb","img":{"alt_text":"","src":"https:\/\/i0.wp.com\/www.tnt.org.sv\/wp\/wp-content\/uploads\/2016\/12\/IMG_9015.jpg?fit=800%2C533&ssl=1&resize=350%2C200","width":350,"height":200},"classes":[]},{"id":1545,"url":"https:\/\/www.tnt.org.sv\/wp\/2018\/01\/27\/visita-de-estudiantes-de-la-uca-al-centro-cultural-jon-cortina\/","url_meta":{"origin":2686,"position":5},"title":"VISITA DE ESTUDIANTES DE LA UCA AL CENTRO CULTURAL JON CORTINA.","date":"27 enero, 2018","format":false,"excerpt":"\u00a0 Esta ma\u00f1ana el Centro Cultural Jon Cortina abri\u00f3 sus puertas a estudiantes de la Universidad Centroamericana Jos\u00e9 Sime\u00f3n Ca\u00f1as, en la que pudieron conocer la filosof\u00eda y el trabajo que TNT realiza con la poblaci\u00f3n de todas las edades y en diferentes comunidades a lo largo de sus 25\u2026","rel":"","context":"En \u00abNoticias TNT\u00bb","img":{"alt_text":"","src":"https:\/\/i0.wp.com\/www.tnt.org.sv\/wp\/wp-content\/uploads\/2018\/01\/IMG_8996.jpg?fit=1200%2C650&ssl=1&resize=350%2C200","width":350,"height":200},"classes":[]}],"_links":{"self":[{"href":"https:\/\/www.tnt.org.sv\/wp\/wp-json\/wp\/v2\/posts\/2686","targetHints":{"allow":["GET"]}}],"collection":[{"href":"https:\/\/www.tnt.org.sv\/wp\/wp-json\/wp\/v2\/posts"}],"about":[{"href":"https:\/\/www.tnt.org.sv\/wp\/wp-json\/wp\/v2\/types\/post"}],"author":[{"embeddable":true,"href":"https:\/\/www.tnt.org.sv\/wp\/wp-json\/wp\/v2\/users\/4"}],"replies":[{"embeddable":true,"href":"https:\/\/www.tnt.org.sv\/wp\/wp-json\/wp\/v2\/comments?post=2686"}],"version-history":[{"count":0,"href":"https:\/\/www.tnt.org.sv\/wp\/wp-json\/wp\/v2\/posts\/2686\/revisions"}],"wp:featuredmedia":[{"embeddable":true,"href":"https:\/\/www.tnt.org.sv\/wp\/wp-json\/wp\/v2\/media\/2690"}],"wp:attachment":[{"href":"https:\/\/www.tnt.org.sv\/wp\/wp-json\/wp\/v2\/media?parent=2686"}],"wp:term":[{"taxonomy":"category","embeddable":true,"href":"https:\/\/www.tnt.org.sv\/wp\/wp-json\/wp\/v2\/categories?post=2686"},{"taxonomy":"post_tag","embeddable":true,"href":"https:\/\/www.tnt.org.sv\/wp\/wp-json\/wp\/v2\/tags?post=2686"}],"curies":[{"name":"wp","href":"https:\/\/api.w.org\/{rel}","templated":true}]}}