{"id":3723,"date":"2021-11-06T20:24:36","date_gmt":"2021-11-06T20:24:36","guid":{"rendered":"http:\/\/www.tnt.org.sv\/wp\/?p=3723"},"modified":"2022-02-25T16:07:20","modified_gmt":"2022-02-25T16:07:20","slug":"25o-edicion-del-festival-artistico-chalateco-y-15o-edicion-del-festival-del-maiz","status":"publish","type":"post","link":"https:\/\/www.tnt.org.sv\/wp\/2021\/11\/06\/25o-edicion-del-festival-artistico-chalateco-y-15o-edicion-del-festival-del-maiz\/","title":{"rendered":"25\u00ba edici\u00f3n del Festival Art\u00edstico Chalateco y 15\u00ba edici\u00f3n del Festival del Ma\u00edz."},"content":{"rendered":"<p><img fetchpriority=\"high\" decoding=\"async\" data-attachment-id=\"3726\" data-permalink=\"https:\/\/www.tnt.org.sv\/wp\/2021\/11\/06\/25o-edicion-del-festival-artistico-chalateco-y-15o-edicion-del-festival-del-maiz\/web2_festival-2021\/\" data-orig-file=\"https:\/\/i0.wp.com\/www.tnt.org.sv\/wp\/wp-content\/uploads\/2021\/11\/Web2_festival-2021.jpg?fit=1153%2C489&amp;ssl=1\" data-orig-size=\"1153,489\" data-comments-opened=\"1\" data-image-meta=\"{&quot;aperture&quot;:&quot;0&quot;,&quot;credit&quot;:&quot;&quot;,&quot;camera&quot;:&quot;&quot;,&quot;caption&quot;:&quot;&quot;,&quot;created_timestamp&quot;:&quot;0&quot;,&quot;copyright&quot;:&quot;&quot;,&quot;focal_length&quot;:&quot;0&quot;,&quot;iso&quot;:&quot;0&quot;,&quot;shutter_speed&quot;:&quot;0&quot;,&quot;title&quot;:&quot;&quot;,&quot;orientation&quot;:&quot;1&quot;}\" data-image-title=\"Web2_festival 2021\" data-image-description=\"\" data-image-caption=\"\" data-medium-file=\"https:\/\/i0.wp.com\/www.tnt.org.sv\/wp\/wp-content\/uploads\/2021\/11\/Web2_festival-2021.jpg?fit=300%2C127&amp;ssl=1\" data-large-file=\"https:\/\/i0.wp.com\/www.tnt.org.sv\/wp\/wp-content\/uploads\/2021\/11\/Web2_festival-2021.jpg?fit=1024%2C434&amp;ssl=1\" class=\"aligncenter size-full wp-image-3726\" src=\"https:\/\/i0.wp.com\/www.tnt.org.sv\/wp\/wp-content\/uploads\/2021\/11\/Web2_festival-2021.jpg?resize=1153%2C489&#038;ssl=1\" alt=\"\" width=\"1153\" height=\"489\" srcset=\"https:\/\/i0.wp.com\/www.tnt.org.sv\/wp\/wp-content\/uploads\/2021\/11\/Web2_festival-2021.jpg?w=1153&amp;ssl=1 1153w, https:\/\/i0.wp.com\/www.tnt.org.sv\/wp\/wp-content\/uploads\/2021\/11\/Web2_festival-2021.jpg?resize=300%2C127&amp;ssl=1 300w, https:\/\/i0.wp.com\/www.tnt.org.sv\/wp\/wp-content\/uploads\/2021\/11\/Web2_festival-2021.jpg?resize=1024%2C434&amp;ssl=1 1024w, https:\/\/i0.wp.com\/www.tnt.org.sv\/wp\/wp-content\/uploads\/2021\/11\/Web2_festival-2021.jpg?resize=768%2C326&amp;ssl=1 768w\" sizes=\"(max-width: 1153px) 100vw, 1153px\" data-recalc-dims=\"1\" \/><\/p>\n<p>La vig\u00e9sima quinta edici\u00f3n del Festival Art\u00edstico Chalateco y d\u00e9cima quinta edici\u00f3n del Festival del Ma\u00edz se celebrar\u00e1 del 26 al 28 de noviembre, a partir de las 4:00 PM en San Antonio Los Ranchos, Chalatenango.<\/p>\n<p>Cada una de las actividades se llevar\u00e1 a cabo bajo los lineamientos de bioseguridad emitidos por el Ministerio de Salud y Ministerio de Cultura de El Salvador, para evitar la propagaci\u00f3n del COVID-19 en la zona y en el pa\u00eds.<\/p>\n<p>En la presentaci\u00f3n de los diferentes espect\u00e1culos, se contar\u00e1 con la participaci\u00f3n de artistas nacionales y locales como Friguey, Cucara Macara, Teatro Alucinante, Circus Contempor\u00e1nium, Elenco Juvenil TNT y artistas de la zona. As\u00ed mismo disfrutaremos espect\u00e1culos de artistas internacionales como: El Nido de las Artes de Nicaragua y Pa\u00b4payasos de Colombia.<\/p>\n<p>En las instalaciones del <strong>Centro Cultural Jon Cortina<\/strong>, las actividades dar\u00e1n inicio el d\u00eda viernes 26. Para este d\u00eda se contar\u00e1 con un espacio l\u00fadico familiar y de la presentaci\u00f3n del espect\u00e1culo de t\u00edteres \u201cT\u00edo Conejo y T\u00edo Coyote\u201d por el grupo Cucara Macara a partir de las 4.00 PM. Esta misma tarde a las 6:00 PM, se llevar\u00e1 a cabo la apertura oficial del Festival 2021, acompa\u00f1ado de m\u00fasica en vivo, con el artista chalateco Tom\u00e1s Menj\u00edvar y la presentaci\u00f3n del espect\u00e1culo \u201cTricuento\u201d por Teatro Alucinante.<\/p>\n<p>Para el d\u00eda s\u00e1bado 27 y domingo 28, las actividades tendr\u00e1n lugar en el <strong>Parque Cultural de San Antonio Los Ranchos<\/strong> a partir de las 4:30 PM, con la apertura de la Feria Gastron\u00f3mica y Artesanal, denominada Festival del Ma\u00edz. En el espacio se podr\u00e1 disfrutar de los diferentes platillos t\u00edpicos elaborados por manos trabajadoras y luchadoras del municipio. Este espacio contar\u00e1 con la animaci\u00f3n del grupo de m\u00fasica local \u201cDesaf\u00edo\u201d.<\/p>\n<p>Posteriormente en el anfiteatro del parque cultural el mismo d\u00eda, el Elenco Juvenil TNT presentar\u00e1 su espect\u00e1culo denominado, \u201cLa Gran Traves\u00eda de La Cipotada y El Chucho\u201d. Cerrando la noche con la participaci\u00f3n de Circus Contemporaneum presentando \u201cLas Aventuras de Pinocho\u201d.<\/p>\n<p>El 25\u00ba Festival Art\u00edstico Chalateco y el 15\u00ba Festival del Ma\u00edz, tendr\u00e1 su cierre el d\u00eda domingo, continuando con la feria gastron\u00f3mica y artesanal desde las 4:30 PM. Este d\u00eda se contar\u00e1 con la participaci\u00f3n de artistas internacionales como, Pa\u00b4payasos presentando el espect\u00e1culo de clown esc\u00e9nico \u201cConqu\u00edstame\u201d. El Nido de las Artes y su espect\u00e1culo circense \u201cCircolash\u201d y culminando la noche y la edici\u00f3n de \u00e9ste festival con artistas nacionales con m\u00fasica en vivo, a disfrutar el concierto denominado \u201cFiesta Frig\u00fcey\u201d, a cargo del grupo salvadore\u00f1o Frig\u00fcey.<\/p>\n<p>Para poder disfrutar de cada una de las actividades, <strong>las personas que asistan deber\u00e1n cumplir con todos los protocolos de bioseguridad, presentando su cartilla de vacunaci\u00f3n con al menos dos dosis de la vacuna contra el COVID-19<\/strong>, toma de temperatura al ingresar a los espacios, utilizando en todo momento su mascarilla correctamente, desinfect\u00e1ndose frecuentemente con alcohol gel y cumpliendo con el distanciamiento f\u00edsico; adem\u00e1s, los aforos a los espacios seran limitados, esto como parte de la protecci\u00f3n para todos y todas.<\/p>\n<p>Esta edici\u00f3n de Festival Art\u00edstico Chalateco y Festival del Ma\u00edz, cuenta con el financiamiento de fondos FANTEL y el apoyo del Ministerio de Cultura de El Salvador, celebrado en el marco del proyecto \u201cCultura y arte para el cambio social en comunidades del nororiente y sur de Chalatenango\u201d, financiado por la Inter-American Foundation (IAF).<\/p>\n<p>&nbsp;<\/p>\n","protected":false},"excerpt":{"rendered":"<p>La vig\u00e9sima quinta edici\u00f3n del Festival Art\u00edstico Chalateco y d\u00e9cima quinta edici\u00f3n del Festival del Ma\u00edz se celebrar\u00e1 del 26 al 28 de noviembre, a partir de las 4:00 PM [&hellip;]<\/p>\n","protected":false},"author":4,"featured_media":3724,"comment_status":"closed","ping_status":"closed","sticky":false,"template":"","format":"standard","meta":{"spay_email":"","footnotes":""},"categories":[5],"tags":[],"class_list":["post-3723","post","type-post","status-publish","format-standard","has-post-thumbnail","hentry","category-noticias-tnt"],"jetpack_featured_media_url":"https:\/\/i0.wp.com\/www.tnt.org.sv\/wp\/wp-content\/uploads\/2021\/11\/web_festival-2021.jpg?fit=1153%2C767&ssl=1","jetpack_sharing_enabled":true,"jetpack_shortlink":"https:\/\/wp.me\/p7dK9I-Y3","jetpack-related-posts":[{"id":3118,"url":"https:\/\/www.tnt.org.sv\/wp\/2020\/11\/12\/tnt-celebrara-el-24o-festival-artistico-chalateco-y-14o-festival-del-maiz\/","url_meta":{"origin":3723,"position":0},"title":"TNT Celebrar\u00e1 el 24\u00ba Festival Art\u00edstico Chalateco y 14\u00ba Festival del Ma\u00edz.","date":"12 noviembre, 2020","format":false,"excerpt":"De manera ininterrumpida y a pesar de las adversidades, la Asociaci\u00f3n TNT, celebrar\u00e1 la vig\u00e9sima cuarta edici\u00f3n del Festival Art\u00edstico Chalateco y la d\u00e9cima cuarta edici\u00f3n del Festival del Ma\u00edz, del 28 al 29 de noviembre de 2020, a partir de las 4:00 de la tarde en el parque cultural\u2026","rel":"","context":"En \u00abNoticias TNT\u00bb","img":{"alt_text":"","src":"https:\/\/i0.wp.com\/www.tnt.org.sv\/wp\/wp-content\/uploads\/2020\/11\/festival.jpg?fit=1200%2C456&ssl=1&resize=350%2C200","width":350,"height":200},"classes":[]},{"id":3228,"url":"https:\/\/www.tnt.org.sv\/wp\/2020\/11\/30\/clausura-del-24o-festival-artistico-chalateco-y-14o-festival-del-maiz\/","url_meta":{"origin":3723,"position":1},"title":"Clausura del 24\u00ba Festival Art\u00edstico Chalateco y 14\u00ba Festival del Ma\u00edz.","date":"30 noviembre, 2020","format":false,"excerpt":"Culminamos una edici\u00f3n m\u00e1s del Festival Art\u00edstico Chalateco y Festival del Ma\u00edz. Vivimos este cierre con mucha alegr\u00eda y emoci\u00f3n, contamos con la presencia de excelentes artistas en esta fiesta comunitaria. El \u00faltimo d\u00eda inici\u00f3 al ritmo y al son de los tambores, malabaristas y sanqueros con una comparsa art\u00edstica\u2026","rel":"","context":"En \u00abNoticias TNT\u00bb","img":{"alt_text":"","src":"https:\/\/i0.wp.com\/www.tnt.org.sv\/wp\/wp-content\/uploads\/2020\/11\/rfigueroa-1-1.jpg?fit=1200%2C430&ssl=1&resize=350%2C200","width":350,"height":200},"classes":[]},{"id":3769,"url":"https:\/\/www.tnt.org.sv\/wp\/2021\/11\/27\/apertura-de-la-25-edicion-del-festival-artistico-chalateco-y-15-edicion-del-festival-del-maiz\/","url_meta":{"origin":3723,"position":2},"title":"Apertura de la 25\u00b0 Edici\u00f3n del Festival Art\u00edstico Chalateco y 15\u00b0 Edici\u00f3n del Festival del Ma\u00edz.","date":"27 noviembre, 2021","format":false,"excerpt":"Con mucha emoci\u00f3n dimos inicio con el 25\u00b0 Festival Art\u00edstico Chalateco y el 15\u00b0 Festival del Ma\u00edz, en el Centro Cultural Jon Cortina, con diversas actividades para toda la familia. La apertura cre\u00f3 un espacio l\u00fadico creativo, acompa\u00f1ado por el bibliob\u00fas, fomentando la lectura de una manera din\u00e1mica y llamativa.\u2026","rel":"","context":"En \u00abNoticias TNT\u00bb","img":{"alt_text":"","src":"https:\/\/i0.wp.com\/www.tnt.org.sv\/wp\/wp-content\/uploads\/2021\/11\/rfigueroa-0823.jpg?fit=1200%2C800&ssl=1&resize=350%2C200","width":350,"height":200},"classes":[]},{"id":3963,"url":"https:\/\/www.tnt.org.sv\/wp\/2021\/12\/02\/clausura-del-25-festival-artistico-chalateco-y-15-festival-del-maiz\/","url_meta":{"origin":3723,"position":3},"title":"Clausura del 25 Festival Art\u00edstico Chalateco y 15 Festival del Ma\u00edz","date":"2 diciembre, 2021","format":false,"excerpt":"Entre risas y aplausos, variadas expresiones art\u00edsticas y bajo el sabor de ricos platillos t\u00edpicos a base de ma\u00edz, as\u00ed vivimos la clausura de la edici\u00f3n n\u00famero 25 del Festival Art\u00edstico Chalateco y 15 Festival del Ma\u00edz, celebrada junto a pobladores del municipio de San Antonio Los Ranchos y comunidades\u2026","rel":"","context":"En \u00abNoticias TNT\u00bb","img":{"alt_text":"","src":"https:\/\/i0.wp.com\/www.tnt.org.sv\/wp\/wp-content\/uploads\/2021\/12\/rfigueroa-2424.jpg?fit=1200%2C800&ssl=1&resize=350%2C200","width":350,"height":200},"classes":[]},{"id":3171,"url":"https:\/\/www.tnt.org.sv\/wp\/2020\/11\/29\/apertura-de-la-24-edicion-del-festival-artistico-chalateco-y-14-edicion-del-festival-del-maiz\/","url_meta":{"origin":3723,"position":4},"title":"Apertura de la 24\u00b0 edici\u00f3n del Festival Art\u00edstico Chalateco y 14\u00b0 Edici\u00f3n del Festival del Ma\u00edz.","date":"29 noviembre, 2020","format":false,"excerpt":"Vivimos con mucha alegr\u00eda la apertura de la vig\u00e9sima cuarta edici\u00f3n del Festival Art\u00edstico chalateco y d\u00e9cima cuarta edici\u00f3n del Festival del Ma\u00edz, en el Parque cultural de San Antonio Los Ranchos, con la infaltable feria gastron\u00f3mica y presentaciones art\u00edsticas para toda la familia. Contamos con la participaci\u00f3n del Grupo\u2026","rel":"","context":"En \u00abNoticias TNT\u00bb","img":{"alt_text":"","src":"https:\/\/i0.wp.com\/www.tnt.org.sv\/wp\/wp-content\/uploads\/2020\/11\/rfigueroa-0112.jpg?fit=1200%2C800&ssl=1&resize=350%2C200","width":350,"height":200},"classes":[]},{"id":2480,"url":"https:\/\/www.tnt.org.sv\/wp\/2019\/10\/19\/23-festival-artistico-chalateco-y-13-festival-del-maiz\/","url_meta":{"origin":3723,"position":5},"title":"23\u00b0 Festival Art\u00edstico Chalateco y 13\u00b0 Festival del Ma\u00edz","date":"19 octubre, 2019","format":false,"excerpt":"La Asociaci\u00f3n TNT celebrar\u00e1 la vig\u00e9sima tercera edici\u00f3n del Festival Art\u00edstico Chalateco y la d\u00e9cima tercera del Festival del Ma\u00edz, en el municipio de San Antonio Los Ranchos del 21 al 24 de noviembre, la mayor cita anual con las artes esc\u00e9nicas en el departamento de Chalatenango. Con diferentes puntos\u2026","rel":"","context":"En \u00abNoticias TNT\u00bb","img":{"alt_text":"","src":"https:\/\/i0.wp.com\/www.tnt.org.sv\/wp\/wp-content\/uploads\/2019\/10\/festival-horizontal-imagen.jpg?fit=1200%2C601&ssl=1&resize=350%2C200","width":350,"height":200},"classes":[]}],"_links":{"self":[{"href":"https:\/\/www.tnt.org.sv\/wp\/wp-json\/wp\/v2\/posts\/3723","targetHints":{"allow":["GET"]}}],"collection":[{"href":"https:\/\/www.tnt.org.sv\/wp\/wp-json\/wp\/v2\/posts"}],"about":[{"href":"https:\/\/www.tnt.org.sv\/wp\/wp-json\/wp\/v2\/types\/post"}],"author":[{"embeddable":true,"href":"https:\/\/www.tnt.org.sv\/wp\/wp-json\/wp\/v2\/users\/4"}],"replies":[{"embeddable":true,"href":"https:\/\/www.tnt.org.sv\/wp\/wp-json\/wp\/v2\/comments?post=3723"}],"version-history":[{"count":0,"href":"https:\/\/www.tnt.org.sv\/wp\/wp-json\/wp\/v2\/posts\/3723\/revisions"}],"wp:featuredmedia":[{"embeddable":true,"href":"https:\/\/www.tnt.org.sv\/wp\/wp-json\/wp\/v2\/media\/3724"}],"wp:attachment":[{"href":"https:\/\/www.tnt.org.sv\/wp\/wp-json\/wp\/v2\/media?parent=3723"}],"wp:term":[{"taxonomy":"category","embeddable":true,"href":"https:\/\/www.tnt.org.sv\/wp\/wp-json\/wp\/v2\/categories?post=3723"},{"taxonomy":"post_tag","embeddable":true,"href":"https:\/\/www.tnt.org.sv\/wp\/wp-json\/wp\/v2\/tags?post=3723"}],"curies":[{"name":"wp","href":"https:\/\/api.w.org\/{rel}","templated":true}]}}