{"id":4161,"date":"2022-05-27T21:38:13","date_gmt":"2022-05-27T21:38:13","guid":{"rendered":"https:\/\/www.tnt.org.sv\/wp\/?p=4161"},"modified":"2022-05-27T21:38:13","modified_gmt":"2022-05-27T21:38:13","slug":"elenco-juvenil-de-tnt-en-gira-por-alemania","status":"publish","type":"post","link":"https:\/\/www.tnt.org.sv\/wp\/2022\/05\/27\/elenco-juvenil-de-tnt-en-gira-por-alemania\/","title":{"rendered":"ELENCO JUVENIL DE TNT EN GIRA POR ALEMANIA"},"content":{"rendered":"<p><img fetchpriority=\"high\" decoding=\"async\" data-attachment-id=\"4162\" data-permalink=\"https:\/\/www.tnt.org.sv\/wp\/2022\/05\/27\/elenco-juvenil-de-tnt-en-gira-por-alemania\/presentacion-2\/\" data-orig-file=\"https:\/\/i0.wp.com\/www.tnt.org.sv\/wp\/wp-content\/uploads\/2022\/05\/PRESENTACION-2-scaled.jpg?fit=2560%2C1707&amp;ssl=1\" data-orig-size=\"2560,1707\" data-comments-opened=\"0\" data-image-meta=\"{&quot;aperture&quot;:&quot;0&quot;,&quot;credit&quot;:&quot;&quot;,&quot;camera&quot;:&quot;&quot;,&quot;caption&quot;:&quot;&quot;,&quot;created_timestamp&quot;:&quot;0&quot;,&quot;copyright&quot;:&quot;&quot;,&quot;focal_length&quot;:&quot;0&quot;,&quot;iso&quot;:&quot;0&quot;,&quot;shutter_speed&quot;:&quot;0&quot;,&quot;title&quot;:&quot;&quot;,&quot;orientation&quot;:&quot;0&quot;}\" data-image-title=\"PRESENTACI\u00d3N 2\" data-image-description=\"\" data-image-caption=\"\" data-medium-file=\"https:\/\/i0.wp.com\/www.tnt.org.sv\/wp\/wp-content\/uploads\/2022\/05\/PRESENTACION-2-scaled.jpg?fit=300%2C200&amp;ssl=1\" data-large-file=\"https:\/\/i0.wp.com\/www.tnt.org.sv\/wp\/wp-content\/uploads\/2022\/05\/PRESENTACION-2-scaled.jpg?fit=1024%2C683&amp;ssl=1\" class=\"aligncenter size-full wp-image-4162\" src=\"https:\/\/i0.wp.com\/www.tnt.org.sv\/wp\/wp-content\/uploads\/2022\/05\/PRESENTACION-2-scaled.jpg?resize=1170%2C780&#038;ssl=1\" alt=\"\" width=\"1170\" height=\"780\" srcset=\"https:\/\/i0.wp.com\/www.tnt.org.sv\/wp\/wp-content\/uploads\/2022\/05\/PRESENTACION-2-scaled.jpg?w=2560&amp;ssl=1 2560w, https:\/\/i0.wp.com\/www.tnt.org.sv\/wp\/wp-content\/uploads\/2022\/05\/PRESENTACION-2-scaled.jpg?resize=300%2C200&amp;ssl=1 300w, https:\/\/i0.wp.com\/www.tnt.org.sv\/wp\/wp-content\/uploads\/2022\/05\/PRESENTACION-2-scaled.jpg?resize=1024%2C683&amp;ssl=1 1024w, https:\/\/i0.wp.com\/www.tnt.org.sv\/wp\/wp-content\/uploads\/2022\/05\/PRESENTACION-2-scaled.jpg?resize=768%2C512&amp;ssl=1 768w, https:\/\/i0.wp.com\/www.tnt.org.sv\/wp\/wp-content\/uploads\/2022\/05\/PRESENTACION-2-scaled.jpg?resize=1536%2C1024&amp;ssl=1 1536w, https:\/\/i0.wp.com\/www.tnt.org.sv\/wp\/wp-content\/uploads\/2022\/05\/PRESENTACION-2-scaled.jpg?resize=2048%2C1365&amp;ssl=1 2048w, https:\/\/i0.wp.com\/www.tnt.org.sv\/wp\/wp-content\/uploads\/2022\/05\/PRESENTACION-2-scaled.jpg?w=2340&amp;ssl=1 2340w\" sizes=\"(max-width: 1170px) 100vw, 1170px\" data-recalc-dims=\"1\" \/><\/p>\n<p>J\u00f3venes que conforman el Elenco de la Asociaci\u00f3n TNT partieron ayer hacia Alemania para participar junto a la KinderKulturKarawane en un encuentro art\u00edstico que comprende diferentes ciudades de Alemania con la presentaci\u00f3n de la obra \u201cEl Cachimbazo\u201d y el desarrollo de talleres l\u00fadicos.<\/p>\n<p>La Asociaci\u00f3n TNT participar\u00e1 por tercera ocasi\u00f3n en esta caravana, y mediante la obra El Cachimbazo y el desarrollo de talleres art\u00edsticos y educativos pretende sensibilizar sobre el tema de calentamiento global en colegios, plazas, centros juveniles y otros espacios culturales.<\/p>\n<p>Los j\u00f3venes que representar\u00e1n a la Asociaci\u00f3n en Alemania son:<\/p>\n<ol>\n<li>.Juan Carlos L\u00f3pez (Actor)<\/li>\n<li>Nohem\u00ed Ortega (Actriz)<\/li>\n<li>Brandon Steven Vel\u00e1squez (Actor)<\/li>\n<li>F\u00e1tima Mariel L\u00f3pez\u00a0\u00a0\u00a0 (Actriz)<\/li>\n<li>Julio C\u00e9sar Nolasco (Actor)<\/li>\n<li>Sandra Mar\u00eda Avelar (Coordinadora de Gira 2022)<\/li>\n<\/ol>\n<p><img decoding=\"async\" data-attachment-id=\"4167\" data-permalink=\"https:\/\/www.tnt.org.sv\/wp\/2022\/05\/27\/elenco-juvenil-de-tnt-en-gira-por-alemania\/attachment\/1111111\/\" data-orig-file=\"https:\/\/i0.wp.com\/www.tnt.org.sv\/wp\/wp-content\/uploads\/2022\/05\/1111111-scaled.jpg?fit=2560%2C1707&amp;ssl=1\" data-orig-size=\"2560,1707\" data-comments-opened=\"0\" data-image-meta=\"{&quot;aperture&quot;:&quot;0&quot;,&quot;credit&quot;:&quot;&quot;,&quot;camera&quot;:&quot;&quot;,&quot;caption&quot;:&quot;&quot;,&quot;created_timestamp&quot;:&quot;0&quot;,&quot;copyright&quot;:&quot;&quot;,&quot;focal_length&quot;:&quot;0&quot;,&quot;iso&quot;:&quot;0&quot;,&quot;shutter_speed&quot;:&quot;0&quot;,&quot;title&quot;:&quot;&quot;,&quot;orientation&quot;:&quot;0&quot;}\" data-image-title=\"1111111\" data-image-description=\"\" data-image-caption=\"\" data-medium-file=\"https:\/\/i0.wp.com\/www.tnt.org.sv\/wp\/wp-content\/uploads\/2022\/05\/1111111-scaled.jpg?fit=300%2C200&amp;ssl=1\" data-large-file=\"https:\/\/i0.wp.com\/www.tnt.org.sv\/wp\/wp-content\/uploads\/2022\/05\/1111111-scaled.jpg?fit=1024%2C683&amp;ssl=1\" class=\"aligncenter size-full wp-image-4167\" src=\"https:\/\/i0.wp.com\/www.tnt.org.sv\/wp\/wp-content\/uploads\/2022\/05\/1111111-scaled.jpg?resize=1170%2C780&#038;ssl=1\" alt=\"\" width=\"1170\" height=\"780\" srcset=\"https:\/\/i0.wp.com\/www.tnt.org.sv\/wp\/wp-content\/uploads\/2022\/05\/1111111-scaled.jpg?w=2560&amp;ssl=1 2560w, https:\/\/i0.wp.com\/www.tnt.org.sv\/wp\/wp-content\/uploads\/2022\/05\/1111111-scaled.jpg?resize=300%2C200&amp;ssl=1 300w, https:\/\/i0.wp.com\/www.tnt.org.sv\/wp\/wp-content\/uploads\/2022\/05\/1111111-scaled.jpg?resize=1024%2C683&amp;ssl=1 1024w, https:\/\/i0.wp.com\/www.tnt.org.sv\/wp\/wp-content\/uploads\/2022\/05\/1111111-scaled.jpg?resize=768%2C512&amp;ssl=1 768w, https:\/\/i0.wp.com\/www.tnt.org.sv\/wp\/wp-content\/uploads\/2022\/05\/1111111-scaled.jpg?resize=1536%2C1024&amp;ssl=1 1536w, https:\/\/i0.wp.com\/www.tnt.org.sv\/wp\/wp-content\/uploads\/2022\/05\/1111111-scaled.jpg?resize=2048%2C1365&amp;ssl=1 2048w, https:\/\/i0.wp.com\/www.tnt.org.sv\/wp\/wp-content\/uploads\/2022\/05\/1111111-scaled.jpg?w=2340&amp;ssl=1 2340w\" sizes=\"(max-width: 1170px) 100vw, 1170px\" data-recalc-dims=\"1\" \/><\/p>\n<p>El Elenco Juvenil se acompa\u00f1ar\u00e1 por dos meses de ni\u00f1os, adolescentes, j\u00f3venes y adultos de Alemania y otras partes del mundo, compartir\u00e1 una planificaci\u00f3n cargada de cultura salvadore\u00f1a con juegos tradicionales y din\u00e1micas de expresi\u00f3n corporal.<\/p>\n<p>Desde el Centro Cultural Jon Cortina y TNT se promueven estos espacios; que impulsan el intercambio cultural, y mediante el arte y la cultura se promueve la sensibilizaci\u00f3n y reflexi\u00f3n de tem\u00e1ticas que afectan al planeta.<\/p>\n<p>Desde TNT<\/p>\n<p>Seguimos HACIENDO COTIDIANO EL ARTE<\/p>\n","protected":false},"excerpt":{"rendered":"<p>J\u00f3venes que conforman el Elenco de la Asociaci\u00f3n TNT partieron ayer hacia Alemania para participar junto a la KinderKulturKarawane en un encuentro art\u00edstico que comprende diferentes ciudades de Alemania con [&hellip;]<\/p>\n","protected":false},"author":4,"featured_media":4162,"comment_status":"closed","ping_status":"open","sticky":false,"template":"","format":"standard","meta":{"spay_email":"","footnotes":""},"categories":[5],"tags":[],"class_list":["post-4161","post","type-post","status-publish","format-standard","has-post-thumbnail","hentry","category-noticias-tnt"],"jetpack_featured_media_url":"https:\/\/i0.wp.com\/www.tnt.org.sv\/wp\/wp-content\/uploads\/2022\/05\/PRESENTACION-2-scaled.jpg?fit=2560%2C1707&ssl=1","jetpack_sharing_enabled":true,"jetpack_shortlink":"https:\/\/wp.me\/p7dK9I-157","jetpack-related-posts":[{"id":4206,"url":"https:\/\/www.tnt.org.sv\/wp\/2022\/07\/28\/elenco-juvenil-tnt-regresa-de-gira-artistica-por-alemania\/","url_meta":{"origin":4161,"position":0},"title":"ELENCO JUVENIL TNT REGRESA DE GIRA ART\u00cdSTICA POR ALEMANIA","date":"28 julio, 2022","format":false,"excerpt":"Por dos meses consecutivos, integrantes del Elenco Juvenil de la Asociaci\u00f3n Tiempos Nuevos Teatro TNT, representaron a El Salvador en una gira art\u00edstica organizada por la KinderKultureKarawane, que se realiz\u00f3 por diferentes ciudades de Alemania. Los j\u00f3venes chalatecos son provenientes de las comunidades de San Antonio Los Ranchos y San\u2026","rel":"","context":"En \u00abNoticias TNT\u00bb","img":{"alt_text":"","src":"https:\/\/i0.wp.com\/www.tnt.org.sv\/wp\/wp-content\/uploads\/2022\/07\/IMG_2589_1_1-scaled.jpeg?fit=1200%2C900&ssl=1&resize=350%2C200","width":350,"height":200},"classes":[]},{"id":4100,"url":"https:\/\/www.tnt.org.sv\/wp\/2022\/04\/11\/elenco-actoral-de-la-asociacion-tnt-presento-el-cachimbazo-la-obra-de-teatro-que-estara-de-gira-por-alemania\/","url_meta":{"origin":4161,"position":1},"title":"ELENCO ACTORAL DE LA ASOCIACI\u00d3N TNT PRESENT\u00d3 \u201cEL CACHIMBAZO\u201d: LA OBRA DE TEATRO QUE ESTAR\u00c1 DE GIRA POR ALEMANIA","date":"11 abril, 2022","format":false,"excerpt":"Adolescentes y j\u00f3venes que conforman el Elenco Actoral de la Asociaci\u00f3n Tiempos Nuevos Teatro, dieron a conocer el pasado s\u00e1bado 9 de abril,\u201d la obra que representar\u00e1 a la Asociaci\u00f3n TNT en la gira cultural por Alemania. Con manualidades, din\u00e1micas, cantos y mucha emoci\u00f3n se vivi\u00f3 el preestreno de la\u2026","rel":"","context":"En \u00abNoticias TNT\u00bb","img":{"alt_text":"","src":"https:\/\/i0.wp.com\/www.tnt.org.sv\/wp\/wp-content\/uploads\/2022\/04\/PRE-7-scaled.jpg?fit=1200%2C802&ssl=1&resize=350%2C200","width":350,"height":200},"classes":[]},{"id":4072,"url":"https:\/\/www.tnt.org.sv\/wp\/2022\/04\/09\/tnt-en-gira-artistica-cultural-por-alemania-con-la-kinderkulturkarawane\/","url_meta":{"origin":4161,"position":2},"title":"TNT EN GIRA ART\u00cdSTICA-CULTURAL POR ALEMANIA CON LA KINDERKULTURKARAWANE","date":"9 abril, 2022","format":false,"excerpt":"El elenco actoral de la Asociaci\u00f3n TNT, participar\u00e1 por tercera ocasi\u00f3n en el intercambio art\u00edstico-cultural organizado por la KinderKulturKarawane en Alemania de mayo a julio de 2022, con una obra de teatro y talleres art\u00edsticos. El objetivo de la gira es introducir la tem\u00e1tica \u201cCambio Clim\u00e1tico\u201d, a trav\u00e9s de presentaciones\u2026","rel":"","context":"En \u00abNoticias TNT\u00bb","img":{"alt_text":"","src":"https:\/\/i0.wp.com\/www.tnt.org.sv\/wp\/wp-content\/uploads\/2022\/04\/RM_S-2333...-scaled.jpg?fit=1200%2C798&ssl=1&resize=350%2C200","width":350,"height":200},"classes":[]},{"id":4124,"url":"https:\/\/www.tnt.org.sv\/wp\/2022\/05\/03\/el-cachimbazo-y-su-gran-estreno-en-el-teatro-nacional\/","url_meta":{"origin":4161,"position":3},"title":"EL CACHIMBAZO Y SU GRAN ESTRENO EN EL TEATRO NACIONAL","date":"3 mayo, 2022","format":false,"excerpt":"El Elenco Juvenil de la Asociaci\u00f3n Tiempos Nuevos Teatro TNT, present\u00f3 el pasado jueves 28 de abril de 2022, el estreno de la obra teatral El Cachimbazo, obra que ser\u00e1 representada por j\u00f3venes chalatecos en una gira por diferentes ciudades de Alemania. En el evento participaron ni\u00f1os, j\u00f3venes y adultos\u2026","rel":"","context":"En \u00abNoticias TNT\u00bb","img":{"alt_text":"","src":"https:\/\/i0.wp.com\/www.tnt.org.sv\/wp\/wp-content\/uploads\/2022\/05\/1-scaled.jpg?fit=1200%2C800&ssl=1&resize=350%2C200","width":350,"height":200},"classes":[]},{"id":430,"url":"https:\/\/www.tnt.org.sv\/wp\/2016\/04\/15\/elenco-juvenil-de-teatro-de-la-asociacion-cultural-tnt-presentara-obra-de-teatro-en-alemania\/","url_meta":{"origin":4161,"position":4},"title":"Elenco juvenil de Teatro de la Asociaci\u00f3n Cultural TNT presentar\u00e1 obra de teatro en Alemania","date":"15 abril, 2016","format":false,"excerpt":"8 j\u00f3venes, 4 mujeres y 4 hombres, del Programa de Talleres\u00a0Art\u00edsticos que imparte la Asociaci\u00f3n Tiempos Nuevos Teatro en el sur y nororiente de Chalatenango representar\u00e1n a El Salvador en Alemania, en una Caravana Cultural de la ni\u00f1ez y la juventud (KinderKulturKarawane), desde el 24 de mayo al 26 de\u2026","rel":"","context":"En \u00abNoticias TNT\u00bb","img":{"alt_text":"","src":"https:\/\/i0.wp.com\/www.tnt.org.sv\/wp\/wp-content\/uploads\/2016\/04\/rfigueroa-1139.jpg?fit=1200%2C800&ssl=1&resize=350%2C200","width":350,"height":200},"classes":[]},{"id":601,"url":"https:\/\/www.tnt.org.sv\/wp\/2016\/06\/07\/asociacion-cultural-tnt-en-alemania\/","url_meta":{"origin":4161,"position":5},"title":"Asociaci\u00f3n cultural TNT en Alemania","date":"7 junio, 2016","format":false,"excerpt":"Elenco juvenil de la Asociaci\u00f3n cultural TNT ha recorrido hasta la fecha las ciudades de Bonn, Colonia y Duisburg de Alemania en diferentes presentaciones art\u00edsticas, desde el pasado 25 de mayo del presente a\u00f1o, en la \u00a0gira Cultural que organiza la KinderKulturKarawane impulsada por la UNICEF. Se est\u00e1 participando en\u2026","rel":"","context":"En \u00abNoticias TNT\u00bb","img":{"alt_text":"","src":"https:\/\/i0.wp.com\/www.tnt.org.sv\/wp\/wp-content\/uploads\/2016\/06\/IMG_1844-1.jpg?fit=800%2C450&ssl=1&resize=350%2C200","width":350,"height":200},"classes":[]}],"_links":{"self":[{"href":"https:\/\/www.tnt.org.sv\/wp\/wp-json\/wp\/v2\/posts\/4161","targetHints":{"allow":["GET"]}}],"collection":[{"href":"https:\/\/www.tnt.org.sv\/wp\/wp-json\/wp\/v2\/posts"}],"about":[{"href":"https:\/\/www.tnt.org.sv\/wp\/wp-json\/wp\/v2\/types\/post"}],"author":[{"embeddable":true,"href":"https:\/\/www.tnt.org.sv\/wp\/wp-json\/wp\/v2\/users\/4"}],"replies":[{"embeddable":true,"href":"https:\/\/www.tnt.org.sv\/wp\/wp-json\/wp\/v2\/comments?post=4161"}],"version-history":[{"count":0,"href":"https:\/\/www.tnt.org.sv\/wp\/wp-json\/wp\/v2\/posts\/4161\/revisions"}],"wp:featuredmedia":[{"embeddable":true,"href":"https:\/\/www.tnt.org.sv\/wp\/wp-json\/wp\/v2\/media\/4162"}],"wp:attachment":[{"href":"https:\/\/www.tnt.org.sv\/wp\/wp-json\/wp\/v2\/media?parent=4161"}],"wp:term":[{"taxonomy":"category","embeddable":true,"href":"https:\/\/www.tnt.org.sv\/wp\/wp-json\/wp\/v2\/categories?post=4161"},{"taxonomy":"post_tag","embeddable":true,"href":"https:\/\/www.tnt.org.sv\/wp\/wp-json\/wp\/v2\/tags?post=4161"}],"curies":[{"name":"wp","href":"https:\/\/api.w.org\/{rel}","templated":true}]}}