{"id":4206,"date":"2022-07-28T19:40:03","date_gmt":"2022-07-28T19:40:03","guid":{"rendered":"https:\/\/www.tnt.org.sv\/wp\/?p=4206"},"modified":"2022-07-28T19:40:03","modified_gmt":"2022-07-28T19:40:03","slug":"elenco-juvenil-tnt-regresa-de-gira-artistica-por-alemania","status":"publish","type":"post","link":"https:\/\/www.tnt.org.sv\/wp\/2022\/07\/28\/elenco-juvenil-tnt-regresa-de-gira-artistica-por-alemania\/","title":{"rendered":"ELENCO JUVENIL TNT REGRESA DE GIRA ART\u00cdSTICA POR ALEMANIA"},"content":{"rendered":"<p><img fetchpriority=\"high\" decoding=\"async\" data-attachment-id=\"4207\" data-permalink=\"https:\/\/www.tnt.org.sv\/wp\/2022\/07\/28\/elenco-juvenil-tnt-regresa-de-gira-artistica-por-alemania\/img_2589_1_1\/\" data-orig-file=\"https:\/\/i0.wp.com\/www.tnt.org.sv\/wp\/wp-content\/uploads\/2022\/07\/IMG_2589_1_1-scaled.jpeg?fit=2560%2C1920&amp;ssl=1\" data-orig-size=\"2560,1920\" data-comments-opened=\"0\" data-image-meta=\"{&quot;aperture&quot;:&quot;1.8&quot;,&quot;credit&quot;:&quot;&quot;,&quot;camera&quot;:&quot;iPhone 11&quot;,&quot;caption&quot;:&quot;&quot;,&quot;created_timestamp&quot;:&quot;1653923931&quot;,&quot;copyright&quot;:&quot;&quot;,&quot;focal_length&quot;:&quot;4.25&quot;,&quot;iso&quot;:&quot;320&quot;,&quot;shutter_speed&quot;:&quot;0.02&quot;,&quot;title&quot;:&quot;&quot;,&quot;orientation&quot;:&quot;1&quot;}\" data-image-title=\"IMG_2589_1_(1)\" data-image-description=\"\" data-image-caption=\"\" data-medium-file=\"https:\/\/i0.wp.com\/www.tnt.org.sv\/wp\/wp-content\/uploads\/2022\/07\/IMG_2589_1_1-scaled.jpeg?fit=300%2C225&amp;ssl=1\" data-large-file=\"https:\/\/i0.wp.com\/www.tnt.org.sv\/wp\/wp-content\/uploads\/2022\/07\/IMG_2589_1_1-scaled.jpeg?fit=1024%2C768&amp;ssl=1\" class=\"aligncenter size-full wp-image-4207\" src=\"https:\/\/i0.wp.com\/www.tnt.org.sv\/wp\/wp-content\/uploads\/2022\/07\/IMG_2589_1_1-scaled.jpeg?resize=1170%2C878&#038;ssl=1\" alt=\"\" width=\"1170\" height=\"878\" srcset=\"https:\/\/i0.wp.com\/www.tnt.org.sv\/wp\/wp-content\/uploads\/2022\/07\/IMG_2589_1_1-scaled.jpeg?w=2560&amp;ssl=1 2560w, https:\/\/i0.wp.com\/www.tnt.org.sv\/wp\/wp-content\/uploads\/2022\/07\/IMG_2589_1_1-scaled.jpeg?resize=300%2C225&amp;ssl=1 300w, https:\/\/i0.wp.com\/www.tnt.org.sv\/wp\/wp-content\/uploads\/2022\/07\/IMG_2589_1_1-scaled.jpeg?resize=1024%2C768&amp;ssl=1 1024w, https:\/\/i0.wp.com\/www.tnt.org.sv\/wp\/wp-content\/uploads\/2022\/07\/IMG_2589_1_1-scaled.jpeg?resize=768%2C576&amp;ssl=1 768w, https:\/\/i0.wp.com\/www.tnt.org.sv\/wp\/wp-content\/uploads\/2022\/07\/IMG_2589_1_1-scaled.jpeg?resize=1536%2C1152&amp;ssl=1 1536w, https:\/\/i0.wp.com\/www.tnt.org.sv\/wp\/wp-content\/uploads\/2022\/07\/IMG_2589_1_1-scaled.jpeg?resize=2048%2C1536&amp;ssl=1 2048w, https:\/\/i0.wp.com\/www.tnt.org.sv\/wp\/wp-content\/uploads\/2022\/07\/IMG_2589_1_1-scaled.jpeg?w=2340&amp;ssl=1 2340w\" sizes=\"(max-width: 1170px) 100vw, 1170px\" data-recalc-dims=\"1\" \/> Por dos meses consecutivos, integrantes del Elenco Juvenil de la Asociaci\u00f3n Tiempos Nuevos Teatro TNT, representaron a El Salvador en una gira art\u00edstica organizada por la KinderKultureKarawane, que se realiz\u00f3 por diferentes ciudades de Alemania. Los j\u00f3venes chalatecos son provenientes de las comunidades de San Antonio Los Ranchos y San Miguel de Mercedes, regresando a sus pueblos de origen el viernes 22 de julio de 2022.<\/p>\n<p style=\"text-align: left;\"><img decoding=\"async\" data-attachment-id=\"4208\" data-permalink=\"https:\/\/www.tnt.org.sv\/wp\/2022\/07\/28\/elenco-juvenil-tnt-regresa-de-gira-artistica-por-alemania\/img_5110\/\" data-orig-file=\"https:\/\/i0.wp.com\/www.tnt.org.sv\/wp\/wp-content\/uploads\/2022\/07\/IMG_5110-scaled.jpg?fit=1920%2C2560&amp;ssl=1\" data-orig-size=\"1920,2560\" data-comments-opened=\"0\" data-image-meta=\"{&quot;aperture&quot;:&quot;2.4&quot;,&quot;credit&quot;:&quot;&quot;,&quot;camera&quot;:&quot;iPhone 11&quot;,&quot;caption&quot;:&quot;&quot;,&quot;created_timestamp&quot;:&quot;1656089952&quot;,&quot;copyright&quot;:&quot;&quot;,&quot;focal_length&quot;:&quot;1.54&quot;,&quot;iso&quot;:&quot;20&quot;,&quot;shutter_speed&quot;:&quot;0.0035087719298246&quot;,&quot;title&quot;:&quot;&quot;,&quot;orientation&quot;:&quot;1&quot;}\" data-image-title=\"IMG_5110\" data-image-description=\"\" data-image-caption=\"\" data-medium-file=\"https:\/\/i0.wp.com\/www.tnt.org.sv\/wp\/wp-content\/uploads\/2022\/07\/IMG_5110-scaled.jpg?fit=225%2C300&amp;ssl=1\" data-large-file=\"https:\/\/i0.wp.com\/www.tnt.org.sv\/wp\/wp-content\/uploads\/2022\/07\/IMG_5110-scaled.jpg?fit=768%2C1024&amp;ssl=1\" class=\"wp-image-4208 size-medium alignleft\" src=\"https:\/\/i0.wp.com\/www.tnt.org.sv\/wp\/wp-content\/uploads\/2022\/07\/IMG_5110.jpg?resize=225%2C300&#038;ssl=1\" alt=\"\" width=\"225\" height=\"300\" srcset=\"https:\/\/i0.wp.com\/www.tnt.org.sv\/wp\/wp-content\/uploads\/2022\/07\/IMG_5110-scaled.jpg?resize=225%2C300&amp;ssl=1 225w, https:\/\/i0.wp.com\/www.tnt.org.sv\/wp\/wp-content\/uploads\/2022\/07\/IMG_5110-scaled.jpg?resize=768%2C1024&amp;ssl=1 768w, https:\/\/i0.wp.com\/www.tnt.org.sv\/wp\/wp-content\/uploads\/2022\/07\/IMG_5110-scaled.jpg?resize=1152%2C1536&amp;ssl=1 1152w, https:\/\/i0.wp.com\/www.tnt.org.sv\/wp\/wp-content\/uploads\/2022\/07\/IMG_5110-scaled.jpg?resize=1536%2C2048&amp;ssl=1 1536w, https:\/\/i0.wp.com\/www.tnt.org.sv\/wp\/wp-content\/uploads\/2022\/07\/IMG_5110-scaled.jpg?w=1920&amp;ssl=1 1920w\" sizes=\"(max-width: 225px) 100vw, 225px\" data-recalc-dims=\"1\" \/>El Elenco Juvenil debut\u00f3 en escenarios de colegios, plazas y otros espacios culturales con la presentaci\u00f3n de la obra teatral El Cachimbazo, la cual aborda la tem\u00e1tica del cambio clim\u00e1tico. Aqu\u00ed los actores y actrices interpretan personajes caracter\u00edsticos de las costumbres salvadore\u00f1as; el mensaje que deja la obra est\u00e1 relacionado con la protecci\u00f3n de los recursos naturales y especies de la fauna.<\/p>\n<p>Del mismo modo el Elenco desarroll\u00f3 diferentes talleres art\u00edsticos, compartiendo sus habilidades teatrales y t\u00e9cnicas de artes esc\u00e9nicas, se acompa\u00f1\u00f3 a ni\u00f1ez y adolescencia con la creaci\u00f3n de piscuchas y capiruchos; adem\u00e1s se compartieron juegos l\u00fadicos tradicionales de la comunidad salvadore\u00f1a.<\/p>\n<p>Por tercera ocasi\u00f3n, tres grupos de j\u00f3venes que han conformado el Elenco TNT han participado en la Caravana Cultural de la Ni\u00f1ez y la Juventud en Alemania, con las siguientes representaciones art\u00edsticas:<\/p>\n<ul>\n<li>2016: \u201cEl Color del Dolor\u201d<\/li>\n<li>2019: \u201cLa Gran Traves\u00eda de la Cipotada y el Chucho\u201d<\/li>\n<li>2022: \u201cEl Cachimbazo\u201d<\/li>\n<\/ul>\n<p><img decoding=\"async\" data-attachment-id=\"4209\" data-permalink=\"https:\/\/www.tnt.org.sv\/wp\/2022\/07\/28\/elenco-juvenil-tnt-regresa-de-gira-artistica-por-alemania\/img_4973\/\" data-orig-file=\"https:\/\/i0.wp.com\/www.tnt.org.sv\/wp\/wp-content\/uploads\/2022\/07\/IMG_4973-scaled.jpg?fit=2560%2C1920&amp;ssl=1\" data-orig-size=\"2560,1920\" data-comments-opened=\"0\" data-image-meta=\"{&quot;aperture&quot;:&quot;1.8&quot;,&quot;credit&quot;:&quot;&quot;,&quot;camera&quot;:&quot;iPhone 11&quot;,&quot;caption&quot;:&quot;&quot;,&quot;created_timestamp&quot;:&quot;1655896236&quot;,&quot;copyright&quot;:&quot;&quot;,&quot;focal_length&quot;:&quot;4.25&quot;,&quot;iso&quot;:&quot;100&quot;,&quot;shutter_speed&quot;:&quot;0.02&quot;,&quot;title&quot;:&quot;&quot;,&quot;orientation&quot;:&quot;1&quot;}\" data-image-title=\"IMG_4973\" data-image-description=\"\" data-image-caption=\"\" data-medium-file=\"https:\/\/i0.wp.com\/www.tnt.org.sv\/wp\/wp-content\/uploads\/2022\/07\/IMG_4973-scaled.jpg?fit=300%2C225&amp;ssl=1\" data-large-file=\"https:\/\/i0.wp.com\/www.tnt.org.sv\/wp\/wp-content\/uploads\/2022\/07\/IMG_4973-scaled.jpg?fit=1024%2C768&amp;ssl=1\" class=\"alignright wp-image-4209 \" src=\"https:\/\/i0.wp.com\/www.tnt.org.sv\/wp\/wp-content\/uploads\/2022\/07\/IMG_4973.jpg?resize=333%2C250&#038;ssl=1\" alt=\"\" width=\"333\" height=\"250\" srcset=\"https:\/\/i0.wp.com\/www.tnt.org.sv\/wp\/wp-content\/uploads\/2022\/07\/IMG_4973-scaled.jpg?resize=300%2C225&amp;ssl=1 300w, https:\/\/i0.wp.com\/www.tnt.org.sv\/wp\/wp-content\/uploads\/2022\/07\/IMG_4973-scaled.jpg?resize=1024%2C768&amp;ssl=1 1024w, https:\/\/i0.wp.com\/www.tnt.org.sv\/wp\/wp-content\/uploads\/2022\/07\/IMG_4973-scaled.jpg?resize=768%2C576&amp;ssl=1 768w, https:\/\/i0.wp.com\/www.tnt.org.sv\/wp\/wp-content\/uploads\/2022\/07\/IMG_4973-scaled.jpg?resize=1536%2C1152&amp;ssl=1 1536w, https:\/\/i0.wp.com\/www.tnt.org.sv\/wp\/wp-content\/uploads\/2022\/07\/IMG_4973-scaled.jpg?resize=2048%2C1536&amp;ssl=1 2048w, https:\/\/i0.wp.com\/www.tnt.org.sv\/wp\/wp-content\/uploads\/2022\/07\/IMG_4973-scaled.jpg?w=2340&amp;ssl=1 2340w\" sizes=\"(max-width: 333px) 100vw, 333px\" data-recalc-dims=\"1\" \/>Desde la apertura de estos espacios de intercambio internacional y art\u00edstico se pretende compartir y conversar sobre las consecuencias del cambio clim\u00e1tico, sobre todo generar acciones puntuales de c\u00f3mo se pueden reparar los da\u00f1os causados al planeta tierra.<\/p>\n<p>Desde 1993 la Asociaci\u00f3n TNT ha trabajado con ni\u00f1ez, juventud, mujeres, y personas adultas mayores en diferentes comunidades de El Salvador, adem\u00e1s ha tenido presencia en m\u00e1s de 25 pa\u00edses a nivel internacional centrando su objetivo de trabajo en el arte y la cultura, como una herramienta de transformaci\u00f3n e inserci\u00f3n social.<\/p>\n<p>TNT fue galardonado por el Ministerio de Cultura de El Salvador con el Premio Nacional de Cultura 2020, por su gesti\u00f3n cultural con enfoque de trabajo en ni\u00f1ez, adolescencia y juventud. Despu\u00e9s de 29 a\u00f1os TNT contin\u00faa Haciendo Cotidiano el Arte acompa\u00f1ando a todos aquellos sectores de las comunidades que creen en el arte como medio de construcci\u00f3n y transformaci\u00f3n sociocultural.<\/p>\n","protected":false},"excerpt":{"rendered":"<p>Por dos meses consecutivos, integrantes del Elenco Juvenil de la Asociaci\u00f3n Tiempos Nuevos Teatro TNT, representaron a El Salvador en una gira art\u00edstica organizada por la KinderKultureKarawane, que se realiz\u00f3 [&hellip;]<\/p>\n","protected":false},"author":4,"featured_media":4207,"comment_status":"closed","ping_status":"open","sticky":false,"template":"","format":"standard","meta":{"spay_email":"","footnotes":""},"categories":[5],"tags":[22,15,23,21,20],"class_list":["post-4206","post","type-post","status-publish","format-standard","has-post-thumbnail","hentry","category-noticias-tnt","tag-alemania","tag-arte","tag-cultura","tag-kindekulturekarawane","tag-tnt"],"jetpack_featured_media_url":"https:\/\/i0.wp.com\/www.tnt.org.sv\/wp\/wp-content\/uploads\/2022\/07\/IMG_2589_1_1-scaled.jpeg?fit=2560%2C1920&ssl=1","jetpack_sharing_enabled":true,"jetpack_shortlink":"https:\/\/wp.me\/p7dK9I-15Q","jetpack-related-posts":[{"id":725,"url":"https:\/\/www.tnt.org.sv\/wp\/2016\/07\/26\/elenco-juvenil-de-teatro-regreso-de-gira-por-alemania\/","url_meta":{"origin":4206,"position":0},"title":"Elenco juvenil de Teatro regres\u00f3 de gira por Alemania","date":"26 julio, 2016","format":false,"excerpt":"Con abrazos, sonrisas y aplausos fue recibido el elenco juvenil de teatro de la Asociaci\u00f3n Tiempos Nuevos Teatro en el Centro Cultural Jon Cortina del municipio de San Antonio Los Ranchos. El grupo de artistas aterriz\u00f3 al pa\u00eds a las 6:30 pm del lunes 25 de julio de 2016, despu\u00e9s\u2026","rel":"","context":"En \u00abNoticias TNT\u00bb","img":{"alt_text":"","src":"https:\/\/i0.wp.com\/www.tnt.org.sv\/wp\/wp-content\/uploads\/2016\/07\/IMG_6033.jpg?fit=800%2C533&ssl=1&resize=350%2C200","width":350,"height":200},"classes":[]},{"id":519,"url":"https:\/\/www.tnt.org.sv\/wp\/2016\/05\/24\/elenco-juvenil-de-tnt-rumbo-a-alemania\/","url_meta":{"origin":4206,"position":1},"title":"ELENCO JUVENIL DE TNT RUMBO A ALEMANIA","date":"24 mayo, 2016","format":false,"excerpt":"Este d\u00eda parti\u00f3 el elenco juvenil de la Asociaci\u00f3n Cultural TNT a Alemania a representar a El Salvador en la Caravana Cultural de la Ni\u00f1ez y la Juventud (KinderKulturKarawane). La gira tambi\u00e9n iba acompa\u00f1ada por el alcalde de San Antonio Los Ranchos, Miguel Serrano, quien se mostr\u00f3 contento de tener\u2026","rel":"","context":"En \u00abNoticias TNT\u00bb","img":{"alt_text":"","src":"https:\/\/i0.wp.com\/www.tnt.org.sv\/wp\/wp-content\/uploads\/2016\/05\/IMG_3025.jpg?fit=800%2C533&ssl=1&resize=350%2C200","width":350,"height":200},"classes":[]},{"id":4161,"url":"https:\/\/www.tnt.org.sv\/wp\/2022\/05\/27\/elenco-juvenil-de-tnt-en-gira-por-alemania\/","url_meta":{"origin":4206,"position":2},"title":"ELENCO JUVENIL DE TNT EN GIRA POR ALEMANIA","date":"27 mayo, 2022","format":false,"excerpt":"J\u00f3venes que conforman el Elenco de la Asociaci\u00f3n TNT partieron ayer hacia Alemania para participar junto a la KinderKulturKarawane en un encuentro art\u00edstico que comprende diferentes ciudades de Alemania con la presentaci\u00f3n de la obra \u201cEl Cachimbazo\u201d y el desarrollo de talleres l\u00fadicos. La Asociaci\u00f3n TNT participar\u00e1 por tercera ocasi\u00f3n\u2026","rel":"","context":"En \u00abNoticias TNT\u00bb","img":{"alt_text":"","src":"https:\/\/i0.wp.com\/www.tnt.org.sv\/wp\/wp-content\/uploads\/2022\/05\/PRESENTACION-2-scaled.jpg?fit=1200%2C800&ssl=1&resize=350%2C200","width":350,"height":200},"classes":[]},{"id":636,"url":"https:\/\/www.tnt.org.sv\/wp\/2016\/06\/24\/elenco-juvenil-de-tnt-ya-recorrio-14-ciudades-de-alemania\/","url_meta":{"origin":4206,"position":3},"title":"Elenco juvenil de TNT ya recorri\u00f3 14 ciudades de Alemania","date":"24 junio, 2016","format":false,"excerpt":"Elenco juvenil de la Asociaci\u00f3n cultural TNT ya cumpli\u00f3 31 d\u00edas de recorrer 14 ciudades de Alemania y realizar m\u00e1s de 20 presentaciones art\u00edsticas con la obra el \u0093Color del Dolor\u0094 que aborda la problem\u00e1tica migratoria y medio ambiental principalmente de nuestros pa\u00edses centroamericanos. Hasta la fecha el elenco se\u2026","rel":"","context":"En \u00abNoticias TNT\u00bb","img":{"alt_text":"","src":"https:\/\/i0.wp.com\/www.tnt.org.sv\/wp\/wp-content\/uploads\/2016\/06\/13413715_1285960821431467_6715169424427308052_n.jpg?fit=800%2C450&ssl=1&resize=350%2C200","width":350,"height":200},"classes":[]},{"id":430,"url":"https:\/\/www.tnt.org.sv\/wp\/2016\/04\/15\/elenco-juvenil-de-teatro-de-la-asociacion-cultural-tnt-presentara-obra-de-teatro-en-alemania\/","url_meta":{"origin":4206,"position":4},"title":"Elenco juvenil de Teatro de la Asociaci\u00f3n Cultural TNT presentar\u00e1 obra de teatro en Alemania","date":"15 abril, 2016","format":false,"excerpt":"8 j\u00f3venes, 4 mujeres y 4 hombres, del Programa de Talleres\u00a0Art\u00edsticos que imparte la Asociaci\u00f3n Tiempos Nuevos Teatro en el sur y nororiente de Chalatenango representar\u00e1n a El Salvador en Alemania, en una Caravana Cultural de la ni\u00f1ez y la juventud (KinderKulturKarawane), desde el 24 de mayo al 26 de\u2026","rel":"","context":"En \u00abNoticias TNT\u00bb","img":{"alt_text":"","src":"https:\/\/i0.wp.com\/www.tnt.org.sv\/wp\/wp-content\/uploads\/2016\/04\/rfigueroa-1139.jpg?fit=1200%2C800&ssl=1&resize=350%2C200","width":350,"height":200},"classes":[]},{"id":669,"url":"https:\/\/www.tnt.org.sv\/wp\/2016\/07\/02\/el-elenco-juvenil-de-asociacion-tnt-visito-hamburgo-en-alemania\/","url_meta":{"origin":4206,"position":5},"title":"El Elenco Juvenil de Asociaci\u00f3n TNT visit\u00f3 Hamburgo, en Alemania","date":"2 julio, 2016","format":false,"excerpt":"El Elenco Juvenil de la Asociaci\u00f3n Tiempos Nuevos Teatro que se encuentra en Alemania visit\u00f3 Hamburgo como parte de la kinderkulturkarawane 2016, donde compartieron experiencias de su estancia en este pa\u00eds con j\u00f3venes del Club Juvenil Burgwedel y j\u00f3venes refugiados. Los embajadores de El Salvador en Alemania adem\u00e1s hicieron \u00e9nfasis\u2026","rel":"","context":"En \u00abNoticias TNT\u00bb","img":{"alt_text":"","src":"https:\/\/i0.wp.com\/www.tnt.org.sv\/wp\/wp-content\/uploads\/2016\/07\/alemania-1.jpg?fit=1200%2C900&ssl=1&resize=350%2C200","width":350,"height":200},"classes":[]}],"_links":{"self":[{"href":"https:\/\/www.tnt.org.sv\/wp\/wp-json\/wp\/v2\/posts\/4206","targetHints":{"allow":["GET"]}}],"collection":[{"href":"https:\/\/www.tnt.org.sv\/wp\/wp-json\/wp\/v2\/posts"}],"about":[{"href":"https:\/\/www.tnt.org.sv\/wp\/wp-json\/wp\/v2\/types\/post"}],"author":[{"embeddable":true,"href":"https:\/\/www.tnt.org.sv\/wp\/wp-json\/wp\/v2\/users\/4"}],"replies":[{"embeddable":true,"href":"https:\/\/www.tnt.org.sv\/wp\/wp-json\/wp\/v2\/comments?post=4206"}],"version-history":[{"count":0,"href":"https:\/\/www.tnt.org.sv\/wp\/wp-json\/wp\/v2\/posts\/4206\/revisions"}],"wp:featuredmedia":[{"embeddable":true,"href":"https:\/\/www.tnt.org.sv\/wp\/wp-json\/wp\/v2\/media\/4207"}],"wp:attachment":[{"href":"https:\/\/www.tnt.org.sv\/wp\/wp-json\/wp\/v2\/media?parent=4206"}],"wp:term":[{"taxonomy":"category","embeddable":true,"href":"https:\/\/www.tnt.org.sv\/wp\/wp-json\/wp\/v2\/categories?post=4206"},{"taxonomy":"post_tag","embeddable":true,"href":"https:\/\/www.tnt.org.sv\/wp\/wp-json\/wp\/v2\/tags?post=4206"}],"curies":[{"name":"wp","href":"https:\/\/api.w.org\/{rel}","templated":true}]}}