{"id":4226,"date":"2022-10-20T22:58:30","date_gmt":"2022-10-20T22:58:30","guid":{"rendered":"https:\/\/www.tnt.org.sv\/wp\/?p=4226"},"modified":"2022-10-20T22:58:30","modified_gmt":"2022-10-20T22:58:30","slug":"tnt-presente-en-el-5o-congreso-latinoamericano-de-cultura-viva-comunitaria","status":"publish","type":"post","link":"https:\/\/www.tnt.org.sv\/wp\/2022\/10\/20\/tnt-presente-en-el-5o-congreso-latinoamericano-de-cultura-viva-comunitaria\/","title":{"rendered":"TNT PRESENTE EN EL 5\u00ba CONGRESO LATINOAMERICANO DE CULTURA VIVA COMUNITARIA"},"content":{"rendered":"<p>Nuestro delegado, Jaime Gald\u00e1mez represent\u00f3 a la Asociaci\u00f3n Cultural Tiempos Nuevos Teatro (TNT), en el 5\u00ba Congreso Latinoamericano de Cultura Viva Comunitaria realizado en Per\u00fa del 8 al 15 de octubre de 2022 donde participaron artistas, gestores culturales y organizaciones de base comunitaria provenientes de 19 pa\u00edses latinoamericanos.<\/p>\n<p><strong> <img fetchpriority=\"high\" decoding=\"async\" data-attachment-id=\"4231\" data-permalink=\"https:\/\/www.tnt.org.sv\/wp\/2022\/10\/20\/tnt-presente-en-el-5o-congreso-latinoamericano-de-cultura-viva-comunitaria\/whatsapp-image-2022-10-19-at-10-24-54-am\/\" data-orig-file=\"https:\/\/i0.wp.com\/www.tnt.org.sv\/wp\/wp-content\/uploads\/2022\/10\/WhatsApp-Image-2022-10-19-at-10.24.54-AM.jpeg?fit=1600%2C737&amp;ssl=1\" data-orig-size=\"1600,737\" data-comments-opened=\"0\" data-image-meta=\"{&quot;aperture&quot;:&quot;0&quot;,&quot;credit&quot;:&quot;&quot;,&quot;camera&quot;:&quot;&quot;,&quot;caption&quot;:&quot;&quot;,&quot;created_timestamp&quot;:&quot;0&quot;,&quot;copyright&quot;:&quot;&quot;,&quot;focal_length&quot;:&quot;0&quot;,&quot;iso&quot;:&quot;0&quot;,&quot;shutter_speed&quot;:&quot;0&quot;,&quot;title&quot;:&quot;&quot;,&quot;orientation&quot;:&quot;0&quot;}\" data-image-title=\"WhatsApp Image 2022-10-19 at 10.24.54 AM\" data-image-description=\"\" data-image-caption=\"\" data-medium-file=\"https:\/\/i0.wp.com\/www.tnt.org.sv\/wp\/wp-content\/uploads\/2022\/10\/WhatsApp-Image-2022-10-19-at-10.24.54-AM.jpeg?fit=300%2C138&amp;ssl=1\" data-large-file=\"https:\/\/i0.wp.com\/www.tnt.org.sv\/wp\/wp-content\/uploads\/2022\/10\/WhatsApp-Image-2022-10-19-at-10.24.54-AM.jpeg?fit=1024%2C472&amp;ssl=1\" class=\"aligncenter size-full wp-image-4231\" src=\"https:\/\/i0.wp.com\/www.tnt.org.sv\/wp\/wp-content\/uploads\/2022\/10\/WhatsApp-Image-2022-10-19-at-10.24.54-AM.jpeg?resize=1170%2C539&#038;ssl=1\" alt=\"\" width=\"1170\" height=\"539\" srcset=\"https:\/\/i0.wp.com\/www.tnt.org.sv\/wp\/wp-content\/uploads\/2022\/10\/WhatsApp-Image-2022-10-19-at-10.24.54-AM.jpeg?w=1600&amp;ssl=1 1600w, https:\/\/i0.wp.com\/www.tnt.org.sv\/wp\/wp-content\/uploads\/2022\/10\/WhatsApp-Image-2022-10-19-at-10.24.54-AM.jpeg?resize=300%2C138&amp;ssl=1 300w, https:\/\/i0.wp.com\/www.tnt.org.sv\/wp\/wp-content\/uploads\/2022\/10\/WhatsApp-Image-2022-10-19-at-10.24.54-AM.jpeg?resize=1024%2C472&amp;ssl=1 1024w, https:\/\/i0.wp.com\/www.tnt.org.sv\/wp\/wp-content\/uploads\/2022\/10\/WhatsApp-Image-2022-10-19-at-10.24.54-AM.jpeg?resize=768%2C354&amp;ssl=1 768w, https:\/\/i0.wp.com\/www.tnt.org.sv\/wp\/wp-content\/uploads\/2022\/10\/WhatsApp-Image-2022-10-19-at-10.24.54-AM.jpeg?resize=1536%2C708&amp;ssl=1 1536w, https:\/\/i0.wp.com\/www.tnt.org.sv\/wp\/wp-content\/uploads\/2022\/10\/WhatsApp-Image-2022-10-19-at-10.24.54-AM.jpeg?resize=272%2C125&amp;ssl=1 272w\" sizes=\"(max-width: 1170px) 100vw, 1170px\" data-recalc-dims=\"1\" \/> En el Congreso se desarrollaron diferentes espacios de participaci\u00f3n como: <\/strong><\/p>\n<ul>\n<li>C\u00edrculos de la palabra<\/li>\n<li>Feria de saberes<\/li>\n<li>Presentaci\u00f3n de espect\u00e1culos<\/li>\n<li>Ceremonias y ritos ancestrales<\/li>\n<li>Espacios de an\u00e1lisis<\/li>\n<li>Intercambios<\/li>\n<li>Y la Asamblea General del Movimiento Latinoamericano de Cultura Viva Comunitaria. En la que organizaciones y redes de pa\u00edses tienen voz y voto ante decisiones estrat\u00e9gicas de la organizaci\u00f3n continental.<img decoding=\"async\" data-attachment-id=\"4230\" data-permalink=\"https:\/\/www.tnt.org.sv\/wp\/2022\/10\/20\/tnt-presente-en-el-5o-congreso-latinoamericano-de-cultura-viva-comunitaria\/whatsapp-image-2022-10-19-at-10-25-00-am\/\" data-orig-file=\"https:\/\/i0.wp.com\/www.tnt.org.sv\/wp\/wp-content\/uploads\/2022\/10\/WhatsApp-Image-2022-10-19-at-10.25.00-AM.jpeg?fit=1080%2C810&amp;ssl=1\" data-orig-size=\"1080,810\" data-comments-opened=\"0\" data-image-meta=\"{&quot;aperture&quot;:&quot;0&quot;,&quot;credit&quot;:&quot;&quot;,&quot;camera&quot;:&quot;&quot;,&quot;caption&quot;:&quot;&quot;,&quot;created_timestamp&quot;:&quot;0&quot;,&quot;copyright&quot;:&quot;&quot;,&quot;focal_length&quot;:&quot;0&quot;,&quot;iso&quot;:&quot;0&quot;,&quot;shutter_speed&quot;:&quot;0&quot;,&quot;title&quot;:&quot;&quot;,&quot;orientation&quot;:&quot;0&quot;}\" data-image-title=\"WhatsApp Image 2022-10-19 at 10.25.00 AM\" data-image-description=\"\" data-image-caption=\"\" data-medium-file=\"https:\/\/i0.wp.com\/www.tnt.org.sv\/wp\/wp-content\/uploads\/2022\/10\/WhatsApp-Image-2022-10-19-at-10.25.00-AM.jpeg?fit=300%2C225&amp;ssl=1\" data-large-file=\"https:\/\/i0.wp.com\/www.tnt.org.sv\/wp\/wp-content\/uploads\/2022\/10\/WhatsApp-Image-2022-10-19-at-10.25.00-AM.jpeg?fit=1024%2C768&amp;ssl=1\" class=\"alignright wp-image-4230 size-medium\" src=\"https:\/\/i0.wp.com\/www.tnt.org.sv\/wp\/wp-content\/uploads\/2022\/10\/WhatsApp-Image-2022-10-19-at-10.25.00-AM.jpeg?resize=300%2C225&#038;ssl=1\" alt=\"\" width=\"300\" height=\"225\" srcset=\"https:\/\/i0.wp.com\/www.tnt.org.sv\/wp\/wp-content\/uploads\/2022\/10\/WhatsApp-Image-2022-10-19-at-10.25.00-AM.jpeg?resize=300%2C225&amp;ssl=1 300w, https:\/\/i0.wp.com\/www.tnt.org.sv\/wp\/wp-content\/uploads\/2022\/10\/WhatsApp-Image-2022-10-19-at-10.25.00-AM.jpeg?resize=1024%2C768&amp;ssl=1 1024w, https:\/\/i0.wp.com\/www.tnt.org.sv\/wp\/wp-content\/uploads\/2022\/10\/WhatsApp-Image-2022-10-19-at-10.25.00-AM.jpeg?resize=768%2C576&amp;ssl=1 768w, https:\/\/i0.wp.com\/www.tnt.org.sv\/wp\/wp-content\/uploads\/2022\/10\/WhatsApp-Image-2022-10-19-at-10.25.00-AM.jpeg?w=1080&amp;ssl=1 1080w\" sizes=\"(max-width: 300px) 100vw, 300px\" data-recalc-dims=\"1\" \/><\/li>\n<\/ul>\n<p>El encuentro ha permitido la apertura a nuevos v\u00ednculos con organizaciones de diferentes puntos del continente, as\u00ed como el fortalecimiento de las relaciones existentes. Adem\u00e1s, reflexionar en torno a una ruta com\u00fan, seg\u00fan los contextos pol\u00edticos, econ\u00f3micos y sociales propios de cada regi\u00f3n.<\/p>\n<p>Entre las principales decisiones estrat\u00e9gicas aprobadas de la Asamblea General del Movimiento de Cultura Viva Comunitaria se encuentran:<\/p>\n<ol>\n<li>El Grupo Impulsor ser\u00e1 la figura que dar\u00e1 seguimiento al pr\u00f3ximo Congreso Latinoamericano y se elegir\u00e1 en la Asamblea General de cada Congreso.<\/li>\n<li>El Comit\u00e9 de Acompa\u00f1amiento ser\u00e1 el que dar\u00e1 seguimiento a los procesos organizativos y acuerdos emanados del movimiento para cada pa\u00eds.<\/li>\n<li>Se eligi\u00f3 a M\u00e9xico como pr\u00f3xima sede del Congreso para el a\u00f1o 2024;<\/li>\n<li>Se eligi\u00f3 a Colombia para ser la sede del 7\u00ba Congreso para el 2026.<\/li>\n<\/ol>\n<p><strong><img decoding=\"async\" data-attachment-id=\"4232\" data-permalink=\"https:\/\/www.tnt.org.sv\/wp\/2022\/10\/20\/tnt-presente-en-el-5o-congreso-latinoamericano-de-cultura-viva-comunitaria\/whatsapp-image-2022-10-19-at-10-24-53-am\/\" data-orig-file=\"https:\/\/i0.wp.com\/www.tnt.org.sv\/wp\/wp-content\/uploads\/2022\/10\/WhatsApp-Image-2022-10-19-at-10.24.53-AM.jpeg?fit=1600%2C900&amp;ssl=1\" data-orig-size=\"1600,900\" data-comments-opened=\"0\" data-image-meta=\"{&quot;aperture&quot;:&quot;0&quot;,&quot;credit&quot;:&quot;&quot;,&quot;camera&quot;:&quot;&quot;,&quot;caption&quot;:&quot;&quot;,&quot;created_timestamp&quot;:&quot;0&quot;,&quot;copyright&quot;:&quot;&quot;,&quot;focal_length&quot;:&quot;0&quot;,&quot;iso&quot;:&quot;0&quot;,&quot;shutter_speed&quot;:&quot;0&quot;,&quot;title&quot;:&quot;&quot;,&quot;orientation&quot;:&quot;0&quot;}\" data-image-title=\"WhatsApp Image 2022-10-19 at 10.24.53 AM\" data-image-description=\"\" data-image-caption=\"\" data-medium-file=\"https:\/\/i0.wp.com\/www.tnt.org.sv\/wp\/wp-content\/uploads\/2022\/10\/WhatsApp-Image-2022-10-19-at-10.24.53-AM.jpeg?fit=300%2C169&amp;ssl=1\" data-large-file=\"https:\/\/i0.wp.com\/www.tnt.org.sv\/wp\/wp-content\/uploads\/2022\/10\/WhatsApp-Image-2022-10-19-at-10.24.53-AM.jpeg?fit=1024%2C576&amp;ssl=1\" class=\"alignleft wp-image-4232 size-medium\" src=\"https:\/\/i0.wp.com\/www.tnt.org.sv\/wp\/wp-content\/uploads\/2022\/10\/WhatsApp-Image-2022-10-19-at-10.24.53-AM.jpeg?resize=300%2C169&#038;ssl=1\" alt=\"\" width=\"300\" height=\"169\" srcset=\"https:\/\/i0.wp.com\/www.tnt.org.sv\/wp\/wp-content\/uploads\/2022\/10\/WhatsApp-Image-2022-10-19-at-10.24.53-AM.jpeg?resize=300%2C169&amp;ssl=1 300w, https:\/\/i0.wp.com\/www.tnt.org.sv\/wp\/wp-content\/uploads\/2022\/10\/WhatsApp-Image-2022-10-19-at-10.24.53-AM.jpeg?resize=1024%2C576&amp;ssl=1 1024w, https:\/\/i0.wp.com\/www.tnt.org.sv\/wp\/wp-content\/uploads\/2022\/10\/WhatsApp-Image-2022-10-19-at-10.24.53-AM.jpeg?resize=768%2C432&amp;ssl=1 768w, https:\/\/i0.wp.com\/www.tnt.org.sv\/wp\/wp-content\/uploads\/2022\/10\/WhatsApp-Image-2022-10-19-at-10.24.53-AM.jpeg?resize=1536%2C864&amp;ssl=1 1536w, https:\/\/i0.wp.com\/www.tnt.org.sv\/wp\/wp-content\/uploads\/2022\/10\/WhatsApp-Image-2022-10-19-at-10.24.53-AM.jpeg?w=1600&amp;ssl=1 1600w\" sizes=\"(max-width: 300px) 100vw, 300px\" data-recalc-dims=\"1\" \/>\u00bfC\u00f3mo participamos?<\/strong><\/p>\n<p>La participaci\u00f3n se logr\u00f3 gracias a la convocatoria de movilidad del Programa <strong>IBERCULTURA VIVA <\/strong>en la que nuestro delegado sali\u00f3 seleccionado para participar como representante de organizaci\u00f3n cultural de base comunitaria. De El Salvador participaron un total de 5 organizaciones gracias al apoyo de los fondos IBERCULTURA.<\/p>\n<p>Los participantes del pa\u00eds tienen como compromiso fundamental del proceso, visibilizar en sus respectivos pa\u00edses el Congreso, as\u00ed como fortalecer sus procesos y las redes de cultura viva comunitaria que se desarrollan en sus territorios.<img loading=\"lazy\" decoding=\"async\" data-attachment-id=\"4228\" data-permalink=\"https:\/\/www.tnt.org.sv\/wp\/2022\/10\/20\/tnt-presente-en-el-5o-congreso-latinoamericano-de-cultura-viva-comunitaria\/whatsapp-image-2022-10-19-at-10-25-04-am\/\" data-orig-file=\"https:\/\/i0.wp.com\/www.tnt.org.sv\/wp\/wp-content\/uploads\/2022\/10\/WhatsApp-Image-2022-10-19-at-10.25.04-AM.jpeg?fit=1080%2C810&amp;ssl=1\" data-orig-size=\"1080,810\" data-comments-opened=\"0\" data-image-meta=\"{&quot;aperture&quot;:&quot;0&quot;,&quot;credit&quot;:&quot;&quot;,&quot;camera&quot;:&quot;&quot;,&quot;caption&quot;:&quot;&quot;,&quot;created_timestamp&quot;:&quot;0&quot;,&quot;copyright&quot;:&quot;&quot;,&quot;focal_length&quot;:&quot;0&quot;,&quot;iso&quot;:&quot;0&quot;,&quot;shutter_speed&quot;:&quot;0&quot;,&quot;title&quot;:&quot;&quot;,&quot;orientation&quot;:&quot;0&quot;}\" data-image-title=\"WhatsApp Image 2022-10-19 at 10.25.04 AM\" data-image-description=\"\" data-image-caption=\"\" data-medium-file=\"https:\/\/i0.wp.com\/www.tnt.org.sv\/wp\/wp-content\/uploads\/2022\/10\/WhatsApp-Image-2022-10-19-at-10.25.04-AM.jpeg?fit=300%2C225&amp;ssl=1\" data-large-file=\"https:\/\/i0.wp.com\/www.tnt.org.sv\/wp\/wp-content\/uploads\/2022\/10\/WhatsApp-Image-2022-10-19-at-10.25.04-AM.jpeg?fit=1024%2C768&amp;ssl=1\" class=\"alignright wp-image-4228 size-medium\" src=\"https:\/\/i0.wp.com\/www.tnt.org.sv\/wp\/wp-content\/uploads\/2022\/10\/WhatsApp-Image-2022-10-19-at-10.25.04-AM.jpeg?resize=300%2C225&#038;ssl=1\" alt=\"\" width=\"300\" height=\"225\" srcset=\"https:\/\/i0.wp.com\/www.tnt.org.sv\/wp\/wp-content\/uploads\/2022\/10\/WhatsApp-Image-2022-10-19-at-10.25.04-AM.jpeg?resize=300%2C225&amp;ssl=1 300w, https:\/\/i0.wp.com\/www.tnt.org.sv\/wp\/wp-content\/uploads\/2022\/10\/WhatsApp-Image-2022-10-19-at-10.25.04-AM.jpeg?resize=1024%2C768&amp;ssl=1 1024w, https:\/\/i0.wp.com\/www.tnt.org.sv\/wp\/wp-content\/uploads\/2022\/10\/WhatsApp-Image-2022-10-19-at-10.25.04-AM.jpeg?resize=768%2C576&amp;ssl=1 768w, https:\/\/i0.wp.com\/www.tnt.org.sv\/wp\/wp-content\/uploads\/2022\/10\/WhatsApp-Image-2022-10-19-at-10.25.04-AM.jpeg?w=1080&amp;ssl=1 1080w\" sizes=\"(max-width: 300px) 100vw, 300px\" data-recalc-dims=\"1\" \/><\/p>\n<p>La Asociaci\u00f3n TNT ha participado en los cinco congresos desarrollados hasta la fecha y como un esfuerzo colectivo se han vivido y compartido experiencias de procesos culturales, art\u00edsticos y educativos que unifican los lazos de las comunidades tomando de referencia el arte como herramienta de transformaci\u00f3n social.<\/p>\n","protected":false},"excerpt":{"rendered":"<p>Nuestro delegado, Jaime Gald\u00e1mez represent\u00f3 a la Asociaci\u00f3n Cultural Tiempos Nuevos Teatro (TNT), en el 5\u00ba Congreso Latinoamericano de Cultura Viva Comunitaria realizado en Per\u00fa del 8 al 15 de [&hellip;]<\/p>\n","protected":false},"author":4,"featured_media":4231,"comment_status":"closed","ping_status":"open","sticky":false,"template":"","format":"standard","meta":{"spay_email":"","footnotes":""},"categories":[5],"tags":[23,25,24,20],"class_list":["post-4226","post","type-post","status-publish","format-standard","has-post-thumbnail","hentry","category-noticias-tnt","tag-cultura","tag-latinoamerica","tag-peru","tag-tnt"],"jetpack_featured_media_url":"https:\/\/i0.wp.com\/www.tnt.org.sv\/wp\/wp-content\/uploads\/2022\/10\/WhatsApp-Image-2022-10-19-at-10.24.54-AM.jpeg?fit=1600%2C737&ssl=1","jetpack_sharing_enabled":true,"jetpack_shortlink":"https:\/\/wp.me\/p7dK9I-16a","jetpack-related-posts":[{"id":2103,"url":"https:\/\/www.tnt.org.sv\/wp\/2018\/12\/13\/un-encuentro-por-la-cultura-viva-comunitaria\/","url_meta":{"origin":4226,"position":0},"title":"Un encuentro por la Cultura Viva Comunitaria","date":"13 diciembre, 2018","format":false,"excerpt":"En el marco del 22\u00ba Festival Art\u00edstico Chalateco\u00a0 se desarroll\u00f3\u00a0 \u201cUn encuentro por la Cultura Viva Comunitaria\u201d que tuvo por objetivo Contribuir a las pol\u00edticas culturales comunitarias en El Salvador, mediante la articulaci\u00f3n, intercambio y visibilizaci\u00f3n de colectivos y organizaciones entorno al esfuerzo continental de Cultura Viva Comunitaria. \u00a0 En\u2026","rel":"","context":"En \u00abNoticias TNT\u00bb","img":{"alt_text":"","src":"https:\/\/i0.wp.com\/www.tnt.org.sv\/wp\/wp-content\/uploads\/2018\/12\/rfigueroa-4502.jpg?fit=1200%2C688&ssl=1&resize=350%2C200","width":350,"height":200},"classes":[]},{"id":572,"url":"https:\/\/www.tnt.org.sv\/wp\/2016\/06\/03\/tnt-prepara-gira-por-colombia\/","url_meta":{"origin":4226,"position":1},"title":"TNT prepara gira por Colombia","date":"3 junio, 2016","format":false,"excerpt":"Elenco de teatro de la Asociaci\u00f3n Cultural Tiempos Nuevos Teatro (TNT)\u00a0 participar\u00e1 en el Festival Teatr\u00edzate 2016 en Riohacha, La Guajira, en el Caribe de Colombia del 28 de junio al 3 de julio de 2016. TEATR\u00cdZATE 2016 es el noveno Encuentro Intercultural Comunitario que plantea visibilizar las ventajas del\u2026","rel":"","context":"En \u00abNoticias TNT\u00bb","img":{"alt_text":"","src":"https:\/\/i0.wp.com\/www.tnt.org.sv\/wp\/wp-content\/uploads\/2016\/06\/IMG_3500.jpg?fit=1200%2C800&ssl=1&resize=350%2C200","width":350,"height":200},"classes":[]},{"id":1522,"url":"https:\/\/www.tnt.org.sv\/wp\/2018\/01\/26\/tnt-compartira-sus-25-anos-de-trabajo-en-la-universidad-de-texas\/","url_meta":{"origin":4226,"position":2},"title":"TNT compartir\u00e1 sus 25 a\u00f1os de trabajo en la Universidad de Texas.","date":"26 enero, 2018","format":false,"excerpt":"TNT ha recibido una invitaci\u00f3n de la Universidad de Texas en Austin a trav\u00e9s de su Centro de Estudios Latinoamericanos para participar en 38\u00aa Conferencia ILASSA, denominada \u201cCruzando fronteras, construyendo puentes\u201d la cual se realizar\u00e1 del 1 al 3 de marzo. En dicha conferencia TNT desarrollar\u00e1 una ponencia denominada: \u201cArte\u2026","rel":"","context":"En \u00abNoticias TNT\u00bb","img":{"alt_text":"","src":"","width":0,"height":0},"classes":[]},{"id":75,"url":"https:\/\/www.tnt.org.sv\/wp\/2016\/02\/06\/jovenes-participantes-de-talleres-artisticos-en-tnt-viajaran-a-alemania-en-mayo-de-2016\/","url_meta":{"origin":4226,"position":3},"title":"J\u00d3VENES PARTICIPANTES DE TALLERES ART\u00cdSTICOS EN TNT VIAJAR\u00c1N A ALEMANIA EN MAYO DE 2016","date":"6 febrero, 2016","format":false,"excerpt":"8 j\u00f3venes del Programa de Talleres\u00a0Art\u00edsticos de\u00a0la Asociaci\u00f3n TNT\u00a0participar\u00e1n en la KinderKulturKarawane en Alemania con la obra \u0093El Color del Dolor\u0094, del 25 de mayo al 26 de julio de 2016. Los j\u00f3venes participantes pertenecen a las comunidades de San Francisco Lempa, Azacualpa, Los Ranchos y Las Minas en Chalatenango.\u2026","rel":"","context":"En \u00abNoticias TNT\u00bb","img":{"alt_text":"","src":"https:\/\/i0.wp.com\/www.tnt.org.sv\/wp\/wp-content\/uploads\/2016\/02\/IMG_9261.jpg?fit=1200%2C641&ssl=1&resize=350%2C200","width":350,"height":200},"classes":[]},{"id":377,"url":"https:\/\/www.tnt.org.sv\/wp\/2016\/03\/11\/jovenes-participantes-de-talleres-artisticos-en-tnt-viajaran-a-alemania-en-mayo-de-2016-2\/","url_meta":{"origin":4226,"position":4},"title":"J\u00f3venes participantes de Talleres Art\u00edsticos en TNT Viajar\u00e1n a Alemania en mayo de 2016","date":"11 marzo, 2016","format":false,"excerpt":"7 j\u00f3venes del Programa de Talleres\u00a0Art\u00edsticos de\u00a0la Asociaci\u00f3n TNT\u00a0participar\u00e1n en la KinderKulturKarawane en Alemania con la obra \u0093El Color del Dolor\u0094, del 25 de mayo al 26 de julio de 2016. Los j\u00f3venes participantes pertenecen a las comunidades de San Francisco Lempa, Azacualpa, Los Ranchos y Las Minas en Chalatenango.\u2026","rel":"","context":"En \u00abNoticias TNT\u00bb","img":{"alt_text":"","src":"https:\/\/i0.wp.com\/www.tnt.org.sv\/wp\/wp-content\/uploads\/2016\/03\/IMG_9999.jpg?fit=671%2C528&ssl=1&resize=350%2C200","width":350,"height":200},"classes":[]},{"id":4,"url":"https:\/\/www.tnt.org.sv\/wp\/2016\/02\/06\/historia-de-tnt\/","url_meta":{"origin":4226,"position":5},"title":"HISTORIA DE TNT","date":"6 febrero, 2016","format":false,"excerpt":"Tras la firma de los acuerdos de paz en 1992, un a\u00f1o m\u00e1s tarde surge Tiempos Nuevos Teatro conocido popularmente como TNT, en San Jos\u00e9 Las Flores. Sus primeros integrantes son j\u00f3venes vinculados al esfuerzo de la Educaci\u00f3n Popular, en busca de apoyar la educaci\u00f3n y la participaci\u00f3n de la\u2026","rel":"","context":"En \u00abQu\u00e9 es TNT\u00bb","img":{"alt_text":"","src":"https:\/\/i0.wp.com\/www.tnt.org.sv\/wp\/wp-content\/uploads\/2016\/02\/PNCULTURA_TNT.jpg?fit=1200%2C455&ssl=1&resize=350%2C200","width":350,"height":200},"classes":[]}],"_links":{"self":[{"href":"https:\/\/www.tnt.org.sv\/wp\/wp-json\/wp\/v2\/posts\/4226","targetHints":{"allow":["GET"]}}],"collection":[{"href":"https:\/\/www.tnt.org.sv\/wp\/wp-json\/wp\/v2\/posts"}],"about":[{"href":"https:\/\/www.tnt.org.sv\/wp\/wp-json\/wp\/v2\/types\/post"}],"author":[{"embeddable":true,"href":"https:\/\/www.tnt.org.sv\/wp\/wp-json\/wp\/v2\/users\/4"}],"replies":[{"embeddable":true,"href":"https:\/\/www.tnt.org.sv\/wp\/wp-json\/wp\/v2\/comments?post=4226"}],"version-history":[{"count":0,"href":"https:\/\/www.tnt.org.sv\/wp\/wp-json\/wp\/v2\/posts\/4226\/revisions"}],"wp:featuredmedia":[{"embeddable":true,"href":"https:\/\/www.tnt.org.sv\/wp\/wp-json\/wp\/v2\/media\/4231"}],"wp:attachment":[{"href":"https:\/\/www.tnt.org.sv\/wp\/wp-json\/wp\/v2\/media?parent=4226"}],"wp:term":[{"taxonomy":"category","embeddable":true,"href":"https:\/\/www.tnt.org.sv\/wp\/wp-json\/wp\/v2\/categories?post=4226"},{"taxonomy":"post_tag","embeddable":true,"href":"https:\/\/www.tnt.org.sv\/wp\/wp-json\/wp\/v2\/tags?post=4226"}],"curies":[{"name":"wp","href":"https:\/\/api.w.org\/{rel}","templated":true}]}}