{"id":601,"date":"2016-06-07T22:28:08","date_gmt":"2016-06-07T22:28:08","guid":{"rendered":"http:\/\/www.tnt.org.sv\/wp\/?p=601"},"modified":"2022-02-25T16:07:27","modified_gmt":"2022-02-25T16:07:27","slug":"asociacion-cultural-tnt-en-alemania","status":"publish","type":"post","link":"https:\/\/www.tnt.org.sv\/wp\/2016\/06\/07\/asociacion-cultural-tnt-en-alemania\/","title":{"rendered":"Asociaci\u00f3n cultural TNT en Alemania"},"content":{"rendered":"<p>Elenco juvenil de la Asociaci\u00f3n cultural TNT ha recorrido hasta la fecha las ciudades de Bonn, Colonia y Duisburg de Alemania en diferentes presentaciones art\u00edsticas, desde el pasado 25 de mayo del presente a\u00f1o, en la \u00a0gira Cultural que organiza la KinderKulturKarawane impulsada por la UNICEF.<\/p>\n<p><img fetchpriority=\"high\" decoding=\"async\" data-attachment-id=\"604\" data-permalink=\"https:\/\/www.tnt.org.sv\/wp\/2016\/06\/07\/asociacion-cultural-tnt-en-alemania\/dsc_9495\/\" data-orig-file=\"https:\/\/i0.wp.com\/www.tnt.org.sv\/wp\/wp-content\/uploads\/2016\/06\/DSC_9495.jpg?fit=800%2C533&amp;ssl=1\" data-orig-size=\"800,533\" data-comments-opened=\"1\" data-image-meta=\"{&quot;aperture&quot;:&quot;5.6&quot;,&quot;credit&quot;:&quot;&quot;,&quot;camera&quot;:&quot;NIKON D3100&quot;,&quot;caption&quot;:&quot;????????????????????????????????????&quot;,&quot;created_timestamp&quot;:&quot;1464701001&quot;,&quot;copyright&quot;:&quot;&quot;,&quot;focal_length&quot;:&quot;200&quot;,&quot;iso&quot;:&quot;3200&quot;,&quot;shutter_speed&quot;:&quot;0.008&quot;,&quot;title&quot;:&quot;&quot;,&quot;orientation&quot;:&quot;1&quot;}\" data-image-title=\"DSC_9495\" data-image-description=\"\" data-image-caption=\"&lt;p&gt;????????????????????????????????????&lt;\/p&gt;\n\" data-medium-file=\"https:\/\/i0.wp.com\/www.tnt.org.sv\/wp\/wp-content\/uploads\/2016\/06\/DSC_9495.jpg?fit=300%2C200&amp;ssl=1\" data-large-file=\"https:\/\/i0.wp.com\/www.tnt.org.sv\/wp\/wp-content\/uploads\/2016\/06\/DSC_9495.jpg?fit=800%2C533&amp;ssl=1\" class=\"size-medium wp-image-604\" src=\"https:\/\/i0.wp.com\/www.tnt.org.sv\/wp\/wp-content\/uploads\/2016\/06\/DSC_9495.jpg?resize=300%2C200&#038;ssl=1\" alt=\"????????????????????????????????????\" width=\"300\" height=\"200\" srcset=\"https:\/\/i0.wp.com\/www.tnt.org.sv\/wp\/wp-content\/uploads\/2016\/06\/DSC_9495.jpg?resize=300%2C200&amp;ssl=1 300w, https:\/\/i0.wp.com\/www.tnt.org.sv\/wp\/wp-content\/uploads\/2016\/06\/DSC_9495.jpg?resize=768%2C512&amp;ssl=1 768w, https:\/\/i0.wp.com\/www.tnt.org.sv\/wp\/wp-content\/uploads\/2016\/06\/DSC_9495.jpg?w=800&amp;ssl=1 800w\" sizes=\"(max-width: 300px) 100vw, 300px\" data-recalc-dims=\"1\" \/><\/p>\n<p style=\"text-align: justify;\">Se est\u00e1 participando en diferentes escenarios como escuelas, teatros, centros culturales, museos y festivales. En cada ciudad hay un equipo de producci\u00f3n que recibe a nuestra delegaci\u00f3n para coordinar las diferentes presentaciones art\u00edsticas de la obra \u0093El Color del Dolor\u0094 que aborda el tema de migraci\u00f3n y medio ambiente. Asimismo se desarrollan talleres de expresi\u00f3n corporal con ni\u00f1ez y juventudes.<\/p>\n<p style=\"text-align: justify;\"><img decoding=\"async\" data-attachment-id=\"605\" data-permalink=\"https:\/\/www.tnt.org.sv\/wp\/2016\/06\/07\/asociacion-cultural-tnt-en-alemania\/img_1548\/\" data-orig-file=\"https:\/\/i0.wp.com\/www.tnt.org.sv\/wp\/wp-content\/uploads\/2016\/06\/IMG_1548.jpg?fit=800%2C450&amp;ssl=1\" data-orig-size=\"800,450\" data-comments-opened=\"1\" data-image-meta=\"{&quot;aperture&quot;:&quot;1.8&quot;,&quot;credit&quot;:&quot;&quot;,&quot;camera&quot;:&quot;Canon VIXIA HF R500&quot;,&quot;caption&quot;:&quot;&quot;,&quot;created_timestamp&quot;:&quot;1463644558&quot;,&quot;copyright&quot;:&quot;&quot;,&quot;focal_length&quot;:&quot;2.8&quot;,&quot;iso&quot;:&quot;0&quot;,&quot;shutter_speed&quot;:&quot;0.033333333333333&quot;,&quot;title&quot;:&quot;&quot;,&quot;orientation&quot;:&quot;1&quot;}\" data-image-title=\"IMG_1548\" data-image-description=\"\" data-image-caption=\"\" data-medium-file=\"https:\/\/i0.wp.com\/www.tnt.org.sv\/wp\/wp-content\/uploads\/2016\/06\/IMG_1548.jpg?fit=300%2C169&amp;ssl=1\" data-large-file=\"https:\/\/i0.wp.com\/www.tnt.org.sv\/wp\/wp-content\/uploads\/2016\/06\/IMG_1548.jpg?fit=800%2C450&amp;ssl=1\" class=\"size-medium wp-image-605 alignright\" src=\"https:\/\/i0.wp.com\/www.tnt.org.sv\/wp\/wp-content\/uploads\/2016\/06\/IMG_1548.jpg?resize=300%2C169&#038;ssl=1\" alt=\"IMG_1548\" width=\"300\" height=\"169\" srcset=\"https:\/\/i0.wp.com\/www.tnt.org.sv\/wp\/wp-content\/uploads\/2016\/06\/IMG_1548.jpg?resize=300%2C169&amp;ssl=1 300w, https:\/\/i0.wp.com\/www.tnt.org.sv\/wp\/wp-content\/uploads\/2016\/06\/IMG_1548.jpg?resize=768%2C432&amp;ssl=1 768w, https:\/\/i0.wp.com\/www.tnt.org.sv\/wp\/wp-content\/uploads\/2016\/06\/IMG_1548.jpg?w=800&amp;ssl=1 800w\" sizes=\"(max-width: 300px) 100vw, 300px\" data-recalc-dims=\"1\" \/><\/p>\n<p style=\"text-align: justify;\">La delegaci\u00f3n ha tenido muchas felicitaciones de cada p\u00fablico, de participantes de los talleres art\u00edsticos y un acompa\u00f1amiento muy especial e importante del equipo de la KinderKulturKarawane\u00a0 para el \u00e9xito de la gira y el intercambio cultural.<\/p>\n<p style=\"text-align: justify;\">Ivonne Cartagena, joven actriz participante comenta que han sido muchas emociones, \u0093entre nerviosismo, ansiedad, alegr\u00eda, orgullo al representar a nuestro Pa\u00eds El Salvador, realidades de nuestras familias, vecinos, comunidades y pueblos de Latinoam\u00e9rica\u0094<\/p>\n<p style=\"text-align: justify;\">Por su parte, Dania Guti\u00e9rrez \u00a0expresa que \u0093Alemania ha sido un pueblo acogedor, amable y lleno de alegr\u00eda, me he sentido feliz y muy motivada al presentarnos\u0094.<\/p>\n<p style=\"text-align: justify;\">\u00a0\u00a0<img decoding=\"async\" data-attachment-id=\"607\" data-permalink=\"https:\/\/www.tnt.org.sv\/wp\/2016\/06\/07\/asociacion-cultural-tnt-en-alemania\/talleres-artisticos-con-ninez-y-juventud\/\" data-orig-file=\"https:\/\/i0.wp.com\/www.tnt.org.sv\/wp\/wp-content\/uploads\/2016\/06\/TALLERES-ART\u00cdSTICOS-CON-NI\u00d1EZ-Y-JUVENTUD.jpg?fit=960%2C720&amp;ssl=1\" data-orig-size=\"960,720\" data-comments-opened=\"1\" data-image-meta=\"{&quot;aperture&quot;:&quot;0&quot;,&quot;credit&quot;:&quot;&quot;,&quot;camera&quot;:&quot;&quot;,&quot;caption&quot;:&quot;&quot;,&quot;created_timestamp&quot;:&quot;0&quot;,&quot;copyright&quot;:&quot;&quot;,&quot;focal_length&quot;:&quot;0&quot;,&quot;iso&quot;:&quot;0&quot;,&quot;shutter_speed&quot;:&quot;0&quot;,&quot;title&quot;:&quot;&quot;,&quot;orientation&quot;:&quot;0&quot;}\" data-image-title=\"TALLERES ART\u00cdSTICOS CON NI\u00d1EZ Y JUVENTUD\" data-image-description=\"\" data-image-caption=\"\" data-medium-file=\"https:\/\/i0.wp.com\/www.tnt.org.sv\/wp\/wp-content\/uploads\/2016\/06\/TALLERES-ART\u00cdSTICOS-CON-NI\u00d1EZ-Y-JUVENTUD.jpg?fit=300%2C225&amp;ssl=1\" data-large-file=\"https:\/\/i0.wp.com\/www.tnt.org.sv\/wp\/wp-content\/uploads\/2016\/06\/TALLERES-ART\u00cdSTICOS-CON-NI\u00d1EZ-Y-JUVENTUD.jpg?fit=960%2C720&amp;ssl=1\" class=\"size-medium wp-image-607 alignleft\" src=\"https:\/\/i0.wp.com\/www.tnt.org.sv\/wp\/wp-content\/uploads\/2016\/06\/TALLERES-ART\u00cdSTICOS-CON-NI\u00d1EZ-Y-JUVENTUD.jpg?resize=300%2C225&#038;ssl=1\" alt=\"TALLERES ART\u00cdSTICOS CON NI\u00d1EZ Y JUVENTUD\" width=\"300\" height=\"225\" srcset=\"https:\/\/i0.wp.com\/www.tnt.org.sv\/wp\/wp-content\/uploads\/2016\/06\/TALLERES-ART\u00cdSTICOS-CON-NI\u00d1EZ-Y-JUVENTUD.jpg?resize=300%2C225&amp;ssl=1 300w, https:\/\/i0.wp.com\/www.tnt.org.sv\/wp\/wp-content\/uploads\/2016\/06\/TALLERES-ART\u00cdSTICOS-CON-NI\u00d1EZ-Y-JUVENTUD.jpg?resize=768%2C576&amp;ssl=1 768w, https:\/\/i0.wp.com\/www.tnt.org.sv\/wp\/wp-content\/uploads\/2016\/06\/TALLERES-ART\u00cdSTICOS-CON-NI\u00d1EZ-Y-JUVENTUD.jpg?w=960&amp;ssl=1 960w\" sizes=\"(max-width: 300px) 100vw, 300px\" data-recalc-dims=\"1\" \/>Algunas dificultades y desaf\u00edos para los j\u00f3venes artistas salvadore\u00f1os al principio de su llegada\u00a0 ha sido adaptarse al nuevo horario, alimentaci\u00f3n, idioma y nuevas \u00a0costumbres.<\/p>\n<p style=\"text-align: justify;\"><img loading=\"lazy\" decoding=\"async\" data-attachment-id=\"606\" data-permalink=\"https:\/\/www.tnt.org.sv\/wp\/2016\/06\/07\/asociacion-cultural-tnt-en-alemania\/img_1305\/\" data-orig-file=\"https:\/\/i0.wp.com\/www.tnt.org.sv\/wp\/wp-content\/uploads\/2016\/06\/IMG_1305.jpg?fit=800%2C450&amp;ssl=1\" data-orig-size=\"800,450\" data-comments-opened=\"1\" data-image-meta=\"{&quot;aperture&quot;:&quot;3.7&quot;,&quot;credit&quot;:&quot;&quot;,&quot;camera&quot;:&quot;Canon VIXIA HF R500&quot;,&quot;caption&quot;:&quot;&quot;,&quot;created_timestamp&quot;:&quot;1463453738&quot;,&quot;copyright&quot;:&quot;&quot;,&quot;focal_length&quot;:&quot;2.8&quot;,&quot;iso&quot;:&quot;0&quot;,&quot;shutter_speed&quot;:&quot;0.016666666666667&quot;,&quot;title&quot;:&quot;&quot;,&quot;orientation&quot;:&quot;1&quot;}\" data-image-title=\"IMG_1305\" data-image-description=\"\" data-image-caption=\"\" data-medium-file=\"https:\/\/i0.wp.com\/www.tnt.org.sv\/wp\/wp-content\/uploads\/2016\/06\/IMG_1305.jpg?fit=300%2C169&amp;ssl=1\" data-large-file=\"https:\/\/i0.wp.com\/www.tnt.org.sv\/wp\/wp-content\/uploads\/2016\/06\/IMG_1305.jpg?fit=800%2C450&amp;ssl=1\" class=\"alignnone size-medium wp-image-606\" src=\"https:\/\/i0.wp.com\/www.tnt.org.sv\/wp\/wp-content\/uploads\/2016\/06\/IMG_1305.jpg?resize=300%2C169&#038;ssl=1\" alt=\"IMG_1305\" width=\"300\" height=\"169\" srcset=\"https:\/\/i0.wp.com\/www.tnt.org.sv\/wp\/wp-content\/uploads\/2016\/06\/IMG_1305.jpg?resize=300%2C169&amp;ssl=1 300w, https:\/\/i0.wp.com\/www.tnt.org.sv\/wp\/wp-content\/uploads\/2016\/06\/IMG_1305.jpg?resize=768%2C432&amp;ssl=1 768w, https:\/\/i0.wp.com\/www.tnt.org.sv\/wp\/wp-content\/uploads\/2016\/06\/IMG_1305.jpg?w=800&amp;ssl=1 800w\" sizes=\"(max-width: 300px) 100vw, 300px\" data-recalc-dims=\"1\" \/><\/p>\n<p style=\"text-align: justify;\">\n","protected":false},"excerpt":{"rendered":"<p>Elenco juvenil de la Asociaci\u00f3n cultural TNT ha recorrido hasta la fecha las ciudades de Bonn, Colonia y Duisburg de Alemania en diferentes presentaciones art\u00edsticas, desde el pasado 25 de [&hellip;]<\/p>\n","protected":false},"author":4,"featured_media":603,"comment_status":"closed","ping_status":"open","sticky":false,"template":"","format":"standard","meta":{"spay_email":"","footnotes":""},"categories":[5],"tags":[],"class_list":["post-601","post","type-post","status-publish","format-standard","has-post-thumbnail","hentry","category-noticias-tnt"],"jetpack_featured_media_url":"https:\/\/i0.wp.com\/www.tnt.org.sv\/wp\/wp-content\/uploads\/2016\/06\/IMG_1844-1.jpg?fit=800%2C450&ssl=1","jetpack_sharing_enabled":true,"jetpack_shortlink":"https:\/\/wp.me\/p7dK9I-9H","jetpack-related-posts":[{"id":4072,"url":"https:\/\/www.tnt.org.sv\/wp\/2022\/04\/09\/tnt-en-gira-artistica-cultural-por-alemania-con-la-kinderkulturkarawane\/","url_meta":{"origin":601,"position":0},"title":"TNT EN GIRA ART\u00cdSTICA-CULTURAL POR ALEMANIA CON LA KINDERKULTURKARAWANE","date":"9 abril, 2022","format":false,"excerpt":"El elenco actoral de la Asociaci\u00f3n TNT, participar\u00e1 por tercera ocasi\u00f3n en el intercambio art\u00edstico-cultural organizado por la KinderKulturKarawane en Alemania de mayo a julio de 2022, con una obra de teatro y talleres art\u00edsticos. El objetivo de la gira es introducir la tem\u00e1tica \u201cCambio Clim\u00e1tico\u201d, a trav\u00e9s de presentaciones\u2026","rel":"","context":"En \u00abNoticias TNT\u00bb","img":{"alt_text":"","src":"https:\/\/i0.wp.com\/www.tnt.org.sv\/wp\/wp-content\/uploads\/2022\/04\/RM_S-2333...-scaled.jpg?fit=1200%2C798&ssl=1&resize=350%2C200","width":350,"height":200},"classes":[]},{"id":430,"url":"https:\/\/www.tnt.org.sv\/wp\/2016\/04\/15\/elenco-juvenil-de-teatro-de-la-asociacion-cultural-tnt-presentara-obra-de-teatro-en-alemania\/","url_meta":{"origin":601,"position":1},"title":"Elenco juvenil de Teatro de la Asociaci\u00f3n Cultural TNT presentar\u00e1 obra de teatro en Alemania","date":"15 abril, 2016","format":false,"excerpt":"8 j\u00f3venes, 4 mujeres y 4 hombres, del Programa de Talleres\u00a0Art\u00edsticos que imparte la Asociaci\u00f3n Tiempos Nuevos Teatro en el sur y nororiente de Chalatenango representar\u00e1n a El Salvador en Alemania, en una Caravana Cultural de la ni\u00f1ez y la juventud (KinderKulturKarawane), desde el 24 de mayo al 26 de\u2026","rel":"","context":"En \u00abNoticias TNT\u00bb","img":{"alt_text":"","src":"https:\/\/i0.wp.com\/www.tnt.org.sv\/wp\/wp-content\/uploads\/2016\/04\/rfigueroa-1139.jpg?fit=1200%2C800&ssl=1&resize=350%2C200","width":350,"height":200},"classes":[]},{"id":4100,"url":"https:\/\/www.tnt.org.sv\/wp\/2022\/04\/11\/elenco-actoral-de-la-asociacion-tnt-presento-el-cachimbazo-la-obra-de-teatro-que-estara-de-gira-por-alemania\/","url_meta":{"origin":601,"position":2},"title":"ELENCO ACTORAL DE LA ASOCIACI\u00d3N TNT PRESENT\u00d3 \u201cEL CACHIMBAZO\u201d: LA OBRA DE TEATRO QUE ESTAR\u00c1 DE GIRA POR ALEMANIA","date":"11 abril, 2022","format":false,"excerpt":"Adolescentes y j\u00f3venes que conforman el Elenco Actoral de la Asociaci\u00f3n Tiempos Nuevos Teatro, dieron a conocer el pasado s\u00e1bado 9 de abril,\u201d la obra que representar\u00e1 a la Asociaci\u00f3n TNT en la gira cultural por Alemania. Con manualidades, din\u00e1micas, cantos y mucha emoci\u00f3n se vivi\u00f3 el preestreno de la\u2026","rel":"","context":"En \u00abNoticias TNT\u00bb","img":{"alt_text":"","src":"https:\/\/i0.wp.com\/www.tnt.org.sv\/wp\/wp-content\/uploads\/2022\/04\/PRE-7-scaled.jpg?fit=1200%2C802&ssl=1&resize=350%2C200","width":350,"height":200},"classes":[]},{"id":636,"url":"https:\/\/www.tnt.org.sv\/wp\/2016\/06\/24\/elenco-juvenil-de-tnt-ya-recorrio-14-ciudades-de-alemania\/","url_meta":{"origin":601,"position":3},"title":"Elenco juvenil de TNT ya recorri\u00f3 14 ciudades de Alemania","date":"24 junio, 2016","format":false,"excerpt":"Elenco juvenil de la Asociaci\u00f3n cultural TNT ya cumpli\u00f3 31 d\u00edas de recorrer 14 ciudades de Alemania y realizar m\u00e1s de 20 presentaciones art\u00edsticas con la obra el \u0093Color del Dolor\u0094 que aborda la problem\u00e1tica migratoria y medio ambiental principalmente de nuestros pa\u00edses centroamericanos. Hasta la fecha el elenco se\u2026","rel":"","context":"En \u00abNoticias TNT\u00bb","img":{"alt_text":"","src":"https:\/\/i0.wp.com\/www.tnt.org.sv\/wp\/wp-content\/uploads\/2016\/06\/13413715_1285960821431467_6715169424427308052_n.jpg?fit=800%2C450&ssl=1&resize=350%2C200","width":350,"height":200},"classes":[]},{"id":4161,"url":"https:\/\/www.tnt.org.sv\/wp\/2022\/05\/27\/elenco-juvenil-de-tnt-en-gira-por-alemania\/","url_meta":{"origin":601,"position":4},"title":"ELENCO JUVENIL DE TNT EN GIRA POR ALEMANIA","date":"27 mayo, 2022","format":false,"excerpt":"J\u00f3venes que conforman el Elenco de la Asociaci\u00f3n TNT partieron ayer hacia Alemania para participar junto a la KinderKulturKarawane en un encuentro art\u00edstico que comprende diferentes ciudades de Alemania con la presentaci\u00f3n de la obra \u201cEl Cachimbazo\u201d y el desarrollo de talleres l\u00fadicos. La Asociaci\u00f3n TNT participar\u00e1 por tercera ocasi\u00f3n\u2026","rel":"","context":"En \u00abNoticias TNT\u00bb","img":{"alt_text":"","src":"https:\/\/i0.wp.com\/www.tnt.org.sv\/wp\/wp-content\/uploads\/2022\/05\/PRESENTACION-2-scaled.jpg?fit=1200%2C800&ssl=1&resize=350%2C200","width":350,"height":200},"classes":[]},{"id":498,"url":"https:\/\/www.tnt.org.sv\/wp\/2016\/05\/18\/elenco-juvenil-de-tnt-presentara-obra-de-teatro-en-alemania\/","url_meta":{"origin":601,"position":5},"title":"Elenco juvenil de TNT presentar\u00e1 obra de teatro en Alemania","date":"18 mayo, 2016","format":false,"excerpt":"La Asociaci\u00f3n Tiempos Nuevos Teatro anunci\u00f3 que ocho j\u00f3venes -4 mujeres y 4 hombres- del Programa de Talleres\u00a0Art\u00edsticos -impartido en el sur y nororiente de Chalatenango-, representar\u00e1n a El Salvador en Alemania en la Caravana Cultural de la ni\u00f1ez y la juventud (KinderKulturKarawane), del 24 de mayo al 26 de\u2026","rel":"","context":"En \u00abNoticias TNT\u00bb","img":{"alt_text":"","src":"https:\/\/i0.wp.com\/www.tnt.org.sv\/wp\/wp-content\/uploads\/2016\/05\/IMG_2430.jpg?fit=800%2C533&ssl=1&resize=350%2C200","width":350,"height":200},"classes":[]}],"_links":{"self":[{"href":"https:\/\/www.tnt.org.sv\/wp\/wp-json\/wp\/v2\/posts\/601","targetHints":{"allow":["GET"]}}],"collection":[{"href":"https:\/\/www.tnt.org.sv\/wp\/wp-json\/wp\/v2\/posts"}],"about":[{"href":"https:\/\/www.tnt.org.sv\/wp\/wp-json\/wp\/v2\/types\/post"}],"author":[{"embeddable":true,"href":"https:\/\/www.tnt.org.sv\/wp\/wp-json\/wp\/v2\/users\/4"}],"replies":[{"embeddable":true,"href":"https:\/\/www.tnt.org.sv\/wp\/wp-json\/wp\/v2\/comments?post=601"}],"version-history":[{"count":0,"href":"https:\/\/www.tnt.org.sv\/wp\/wp-json\/wp\/v2\/posts\/601\/revisions"}],"wp:featuredmedia":[{"embeddable":true,"href":"https:\/\/www.tnt.org.sv\/wp\/wp-json\/wp\/v2\/media\/603"}],"wp:attachment":[{"href":"https:\/\/www.tnt.org.sv\/wp\/wp-json\/wp\/v2\/media?parent=601"}],"wp:term":[{"taxonomy":"category","embeddable":true,"href":"https:\/\/www.tnt.org.sv\/wp\/wp-json\/wp\/v2\/categories?post=601"},{"taxonomy":"post_tag","embeddable":true,"href":"https:\/\/www.tnt.org.sv\/wp\/wp-json\/wp\/v2\/tags?post=601"}],"curies":[{"name":"wp","href":"https:\/\/api.w.org\/{rel}","templated":true}]}}