{"id":642,"date":"2016-06-25T16:42:40","date_gmt":"2016-06-25T16:42:40","guid":{"rendered":"http:\/\/www.tnt.org.sv\/wp\/?p=642"},"modified":"2022-02-25T16:07:27","modified_gmt":"2022-02-25T16:07:27","slug":"talleres-artisticos-gratuitos-para-ninez-y-juventud","status":"publish","type":"post","link":"https:\/\/www.tnt.org.sv\/wp\/2016\/06\/25\/talleres-artisticos-gratuitos-para-ninez-y-juventud\/","title":{"rendered":"Talleres Art\u00edsticos gratuitos para ni\u00f1ez y juventud"},"content":{"rendered":"<p style=\"text-align: justify;\">Desde la Asociaci\u00f3n Tiempos \u00a0Nuevos Teatro se desarrolla el Programa de Talleres Art\u00edsticos en las \u00a0disciplinas de teatro, m\u00fasica y danza, en cinco municipios del nororiente y sur de Chalatenango, con el apoyo de la Fundaci\u00f3n Ford y Terres des hommes-Alemania.<br \/>\n<img fetchpriority=\"high\" decoding=\"async\" data-attachment-id=\"644\" data-permalink=\"https:\/\/www.tnt.org.sv\/wp\/2016\/06\/25\/talleres-artisticos-gratuitos-para-ninez-y-juventud\/img_4666\/\" data-orig-file=\"https:\/\/i0.wp.com\/www.tnt.org.sv\/wp\/wp-content\/uploads\/2016\/06\/IMG_4666.jpg?fit=800%2C479&amp;ssl=1\" data-orig-size=\"800,479\" data-comments-opened=\"1\" data-image-meta=\"{&quot;aperture&quot;:&quot;3.5&quot;,&quot;credit&quot;:&quot;&quot;,&quot;camera&quot;:&quot;Canon EOS REBEL T5i&quot;,&quot;caption&quot;:&quot;&quot;,&quot;created_timestamp&quot;:&quot;1466844759&quot;,&quot;copyright&quot;:&quot;&quot;,&quot;focal_length&quot;:&quot;18&quot;,&quot;iso&quot;:&quot;1600&quot;,&quot;shutter_speed&quot;:&quot;0.016666666666667&quot;,&quot;title&quot;:&quot;&quot;,&quot;orientation&quot;:&quot;1&quot;}\" data-image-title=\"IMG_4666\" data-image-description=\"\" data-image-caption=\"\" data-medium-file=\"https:\/\/i0.wp.com\/www.tnt.org.sv\/wp\/wp-content\/uploads\/2016\/06\/IMG_4666.jpg?fit=300%2C180&amp;ssl=1\" data-large-file=\"https:\/\/i0.wp.com\/www.tnt.org.sv\/wp\/wp-content\/uploads\/2016\/06\/IMG_4666.jpg?fit=800%2C479&amp;ssl=1\" class=\"size-medium wp-image-644 alignleft\" src=\"https:\/\/i0.wp.com\/www.tnt.org.sv\/wp\/wp-content\/uploads\/2016\/06\/IMG_4666.jpg?resize=300%2C180&#038;ssl=1\" alt=\"IMG_4666\" width=\"300\" height=\"180\" srcset=\"https:\/\/i0.wp.com\/www.tnt.org.sv\/wp\/wp-content\/uploads\/2016\/06\/IMG_4666.jpg?resize=300%2C180&amp;ssl=1 300w, https:\/\/i0.wp.com\/www.tnt.org.sv\/wp\/wp-content\/uploads\/2016\/06\/IMG_4666.jpg?resize=768%2C460&amp;ssl=1 768w, https:\/\/i0.wp.com\/www.tnt.org.sv\/wp\/wp-content\/uploads\/2016\/06\/IMG_4666.jpg?w=800&amp;ssl=1 800w\" sizes=\"(max-width: 300px) 100vw, 300px\" data-recalc-dims=\"1\" \/>Todos los s\u00e1bados en el Centro Cultural Jon Cortina, ubicado en San Antonio Los Ranchos se imparte el taller de teatro completamente gratis, desde las 8:00 hasta las 11:30 am.<\/p>\n<p style=\"text-align: justify;\">Estos talleres est\u00e1n \u00a0dirigidos a la ni\u00f1ez y juventud que deseen tener un primer contacto con esta arte esc\u00e9nica y que quieran tener el teatro como una actividad l\u00fadica\u00a0 desconect\u00e1ndose de la rutina diaria.<\/p>\n<p style=\"text-align: justify;\">El teatro es una de las mejores herramientas para adquirir y perfeccionar habilidades de\u00a0 car\u00e1cter social, para\u00a0 conocerse a uno mismo y para trabajar en grupo, desarrolla tambi\u00e9n la expresi\u00f3n comunicativa, tanto oral como corporal, en p\u00fablico. Esta es una de las mejores formas de fomentar la creatividad, tanto individual como colectiva.<\/p>\n<p style=\"text-align: justify;\"><img decoding=\"async\" data-attachment-id=\"647\" data-permalink=\"https:\/\/www.tnt.org.sv\/wp\/2016\/06\/25\/talleres-artisticos-gratuitos-para-ninez-y-juventud\/img_4704\/\" data-orig-file=\"https:\/\/i0.wp.com\/www.tnt.org.sv\/wp\/wp-content\/uploads\/2016\/06\/IMG_4704.jpg?fit=3867%2C2987&amp;ssl=1\" data-orig-size=\"3867,2987\" data-comments-opened=\"1\" data-image-meta=\"{&quot;aperture&quot;:&quot;3.5&quot;,&quot;credit&quot;:&quot;&quot;,&quot;camera&quot;:&quot;Canon EOS REBEL T5i&quot;,&quot;caption&quot;:&quot;&quot;,&quot;created_timestamp&quot;:&quot;1466845361&quot;,&quot;copyright&quot;:&quot;&quot;,&quot;focal_length&quot;:&quot;18&quot;,&quot;iso&quot;:&quot;1600&quot;,&quot;shutter_speed&quot;:&quot;0.016666666666667&quot;,&quot;title&quot;:&quot;&quot;,&quot;orientation&quot;:&quot;1&quot;}\" data-image-title=\"IMG_4704\" data-image-description=\"\" data-image-caption=\"\" data-medium-file=\"https:\/\/i0.wp.com\/www.tnt.org.sv\/wp\/wp-content\/uploads\/2016\/06\/IMG_4704.jpg?fit=300%2C232&amp;ssl=1\" data-large-file=\"https:\/\/i0.wp.com\/www.tnt.org.sv\/wp\/wp-content\/uploads\/2016\/06\/IMG_4704.jpg?fit=1024%2C791&amp;ssl=1\" class=\"alignnone size-medium wp-image-647\" src=\"https:\/\/i0.wp.com\/www.tnt.org.sv\/wp\/wp-content\/uploads\/2016\/06\/IMG_4704.jpg?resize=300%2C232&#038;ssl=1\" alt=\"IMG_4704\" width=\"300\" height=\"232\" srcset=\"https:\/\/i0.wp.com\/www.tnt.org.sv\/wp\/wp-content\/uploads\/2016\/06\/IMG_4704.jpg?resize=300%2C232&amp;ssl=1 300w, https:\/\/i0.wp.com\/www.tnt.org.sv\/wp\/wp-content\/uploads\/2016\/06\/IMG_4704.jpg?resize=768%2C593&amp;ssl=1 768w, https:\/\/i0.wp.com\/www.tnt.org.sv\/wp\/wp-content\/uploads\/2016\/06\/IMG_4704.jpg?resize=1024%2C791&amp;ssl=1 1024w, https:\/\/i0.wp.com\/www.tnt.org.sv\/wp\/wp-content\/uploads\/2016\/06\/IMG_4704.jpg?w=2340&amp;ssl=1 2340w, https:\/\/i0.wp.com\/www.tnt.org.sv\/wp\/wp-content\/uploads\/2016\/06\/IMG_4704.jpg?w=3510&amp;ssl=1 3510w\" sizes=\"(max-width: 300px) 100vw, 300px\" data-recalc-dims=\"1\" \/>\u00a0<img decoding=\"async\" data-attachment-id=\"645\" data-permalink=\"https:\/\/www.tnt.org.sv\/wp\/2016\/06\/25\/talleres-artisticos-gratuitos-para-ninez-y-juventud\/img_4662\/\" data-orig-file=\"https:\/\/i0.wp.com\/www.tnt.org.sv\/wp\/wp-content\/uploads\/2016\/06\/IMG_4662.jpg?fit=4886%2C3381&amp;ssl=1\" data-orig-size=\"4886,3381\" data-comments-opened=\"1\" data-image-meta=\"{&quot;aperture&quot;:&quot;3.5&quot;,&quot;credit&quot;:&quot;&quot;,&quot;camera&quot;:&quot;Canon EOS REBEL T5i&quot;,&quot;caption&quot;:&quot;&quot;,&quot;created_timestamp&quot;:&quot;1466844711&quot;,&quot;copyright&quot;:&quot;&quot;,&quot;focal_length&quot;:&quot;18&quot;,&quot;iso&quot;:&quot;1600&quot;,&quot;shutter_speed&quot;:&quot;0.016666666666667&quot;,&quot;title&quot;:&quot;&quot;,&quot;orientation&quot;:&quot;1&quot;}\" data-image-title=\"IMG_4662\" data-image-description=\"\" data-image-caption=\"\" data-medium-file=\"https:\/\/i0.wp.com\/www.tnt.org.sv\/wp\/wp-content\/uploads\/2016\/06\/IMG_4662.jpg?fit=300%2C208&amp;ssl=1\" data-large-file=\"https:\/\/i0.wp.com\/www.tnt.org.sv\/wp\/wp-content\/uploads\/2016\/06\/IMG_4662.jpg?fit=1024%2C709&amp;ssl=1\" class=\"size-medium wp-image-645 alignnone\" src=\"https:\/\/i0.wp.com\/www.tnt.org.sv\/wp\/wp-content\/uploads\/2016\/06\/IMG_4662.jpg?resize=300%2C208&#038;ssl=1\" alt=\"IMG_4662\" width=\"300\" height=\"208\" srcset=\"https:\/\/i0.wp.com\/www.tnt.org.sv\/wp\/wp-content\/uploads\/2016\/06\/IMG_4662.jpg?resize=300%2C208&amp;ssl=1 300w, https:\/\/i0.wp.com\/www.tnt.org.sv\/wp\/wp-content\/uploads\/2016\/06\/IMG_4662.jpg?resize=768%2C531&amp;ssl=1 768w, https:\/\/i0.wp.com\/www.tnt.org.sv\/wp\/wp-content\/uploads\/2016\/06\/IMG_4662.jpg?resize=1024%2C709&amp;ssl=1 1024w, https:\/\/i0.wp.com\/www.tnt.org.sv\/wp\/wp-content\/uploads\/2016\/06\/IMG_4662.jpg?w=2340&amp;ssl=1 2340w, https:\/\/i0.wp.com\/www.tnt.org.sv\/wp\/wp-content\/uploads\/2016\/06\/IMG_4662.jpg?w=3510&amp;ssl=1 3510w\" sizes=\"(max-width: 300px) 100vw, 300px\" data-recalc-dims=\"1\" \/><\/p>\n<p style=\"text-align: justify;\">\n","protected":false},"excerpt":{"rendered":"<p>Desde la Asociaci\u00f3n Tiempos \u00a0Nuevos Teatro se desarrolla el Programa de Talleres Art\u00edsticos en las \u00a0disciplinas de teatro, m\u00fasica y danza, en cinco municipios del nororiente y sur de Chalatenango, [&hellip;]<\/p>\n","protected":false},"author":4,"featured_media":643,"comment_status":"closed","ping_status":"open","sticky":false,"template":"","format":"standard","meta":{"spay_email":"","footnotes":""},"categories":[5],"tags":[],"class_list":["post-642","post","type-post","status-publish","format-standard","has-post-thumbnail","hentry","category-noticias-tnt"],"jetpack_featured_media_url":"https:\/\/i0.wp.com\/www.tnt.org.sv\/wp\/wp-content\/uploads\/2016\/06\/IMG_4716.jpg?fit=800%2C533&ssl=1","jetpack_sharing_enabled":true,"jetpack_shortlink":"https:\/\/wp.me\/p7dK9I-am","jetpack-related-posts":[{"id":896,"url":"https:\/\/www.tnt.org.sv\/wp\/2016\/10\/25\/talleristas-comparten-avances-de-sus-trabajos-con-madres-y-padres-de-familia\/","url_meta":{"origin":642,"position":0},"title":"Talleristas comparten avances de sus trabajos con madres y padres de familia","date":"25 octubre, 2016","format":false,"excerpt":"Las reuniones se realizaron en el Cant\u00f3n Las Minas, San Antonio Los Ranchos, Azacualpa y Las Mercedes, donde se desarrollan los talleres, en las mismas se presentaron avances de las muestras art\u00edsticas que est\u00e1n preparando para finales del a\u00f1o, con el fin de recibir observaciones y sugerencias de sus familiares\u2026","rel":"","context":"En \u00abNoticias TNT\u00bb","img":{"alt_text":"","src":"https:\/\/i0.wp.com\/www.tnt.org.sv\/wp\/wp-content\/uploads\/2016\/10\/IMG_8654.jpg?fit=1200%2C800&ssl=1&resize=350%2C200","width":350,"height":200},"classes":[]},{"id":498,"url":"https:\/\/www.tnt.org.sv\/wp\/2016\/05\/18\/elenco-juvenil-de-tnt-presentara-obra-de-teatro-en-alemania\/","url_meta":{"origin":642,"position":1},"title":"Elenco juvenil de TNT presentar\u00e1 obra de teatro en Alemania","date":"18 mayo, 2016","format":false,"excerpt":"La Asociaci\u00f3n Tiempos Nuevos Teatro anunci\u00f3 que ocho j\u00f3venes -4 mujeres y 4 hombres- del Programa de Talleres\u00a0Art\u00edsticos -impartido en el sur y nororiente de Chalatenango-, representar\u00e1n a El Salvador en Alemania en la Caravana Cultural de la ni\u00f1ez y la juventud (KinderKulturKarawane), del 24 de mayo al 26 de\u2026","rel":"","context":"En \u00abNoticias TNT\u00bb","img":{"alt_text":"","src":"https:\/\/i0.wp.com\/www.tnt.org.sv\/wp\/wp-content\/uploads\/2016\/05\/IMG_2430.jpg?fit=800%2C533&ssl=1&resize=350%2C200","width":350,"height":200},"classes":[]},{"id":725,"url":"https:\/\/www.tnt.org.sv\/wp\/2016\/07\/26\/elenco-juvenil-de-teatro-regreso-de-gira-por-alemania\/","url_meta":{"origin":642,"position":2},"title":"Elenco juvenil de Teatro regres\u00f3 de gira por Alemania","date":"26 julio, 2016","format":false,"excerpt":"Con abrazos, sonrisas y aplausos fue recibido el elenco juvenil de teatro de la Asociaci\u00f3n Tiempos Nuevos Teatro en el Centro Cultural Jon Cortina del municipio de San Antonio Los Ranchos. El grupo de artistas aterriz\u00f3 al pa\u00eds a las 6:30 pm del lunes 25 de julio de 2016, despu\u00e9s\u2026","rel":"","context":"En \u00abNoticias TNT\u00bb","img":{"alt_text":"","src":"https:\/\/i0.wp.com\/www.tnt.org.sv\/wp\/wp-content\/uploads\/2016\/07\/IMG_6033.jpg?fit=800%2C533&ssl=1&resize=350%2C200","width":350,"height":200},"classes":[]},{"id":430,"url":"https:\/\/www.tnt.org.sv\/wp\/2016\/04\/15\/elenco-juvenil-de-teatro-de-la-asociacion-cultural-tnt-presentara-obra-de-teatro-en-alemania\/","url_meta":{"origin":642,"position":3},"title":"Elenco juvenil de Teatro de la Asociaci\u00f3n Cultural TNT presentar\u00e1 obra de teatro en Alemania","date":"15 abril, 2016","format":false,"excerpt":"8 j\u00f3venes, 4 mujeres y 4 hombres, del Programa de Talleres\u00a0Art\u00edsticos que imparte la Asociaci\u00f3n Tiempos Nuevos Teatro en el sur y nororiente de Chalatenango representar\u00e1n a El Salvador en Alemania, en una Caravana Cultural de la ni\u00f1ez y la juventud (KinderKulturKarawane), desde el 24 de mayo al 26 de\u2026","rel":"","context":"En \u00abNoticias TNT\u00bb","img":{"alt_text":"","src":"https:\/\/i0.wp.com\/www.tnt.org.sv\/wp\/wp-content\/uploads\/2016\/04\/rfigueroa-1139.jpg?fit=1200%2C800&ssl=1&resize=350%2C200","width":350,"height":200},"classes":[]},{"id":625,"url":"https:\/\/www.tnt.org.sv\/wp\/2016\/06\/18\/la-asociacion-tnt-celebra-23-anos-de-trabajo-y-8-de-apertura-del-ccjc\/","url_meta":{"origin":642,"position":4},"title":"La Asociaci\u00f3n TNT celebra 23 a\u00f1os de trabajo y 8 de apertura del CCJC","date":"18 junio, 2016","format":false,"excerpt":"La Asociaci\u00f3n Tiempos Nuevos Teatro (TNT) llega este 19 de junio de 2016 a sus 23 a\u00f1os\u00a0de trabajo ininterrumpidos y 8 a\u00f1os de haber aperturado el Centro Cultural Jon Cortina,\u00a0en San Antonio Los Ranchos, desde donde proyecta su trabajo de educaci\u00f3n art\u00edstica,\u00a0Promoci\u00f3n cultural y desarrollo comunitario con la ni\u00f1ez, juventud,\u2026","rel":"","context":"En \u00abNoticias TNT\u00bb","img":{"alt_text":"","src":"https:\/\/i0.wp.com\/www.tnt.org.sv\/wp\/wp-content\/uploads\/2016\/06\/MG_8812.jpg?fit=1000%2C616&ssl=1&resize=350%2C200","width":350,"height":200},"classes":[]},{"id":106,"url":"https:\/\/www.tnt.org.sv\/wp\/2016\/02\/07\/talleres-artisticos\/","url_meta":{"origin":642,"position":5},"title":"Talleres Art\u00edsticos","date":"7 febrero, 2016","format":false,"excerpt":"\u00bb ANTECEDENTES: La Asociaci\u00f3n Tiempos Nuevos Teatro conscientes del valor\u00a0 de la Educaci\u00f3n Art\u00edstica que pone en contacto a los ni\u00f1os y a las ni\u00f1as\u00a0 con lenguajes art\u00edsticos fundamentales para la expresi\u00f3n creadora y la comprensi\u00f3n de su cultura y sociedad ha firmado un convenio con la Direcci\u00f3n Departamental de\u2026","rel":"","context":"En \u00abProgramas\u00bb","img":{"alt_text":"","src":"https:\/\/i0.wp.com\/www.tnt.org.sv\/wp\/wp-content\/uploads\/2016\/02\/IMG_4352-300x200.jpg?resize=350%2C200","width":350,"height":200},"classes":[]}],"_links":{"self":[{"href":"https:\/\/www.tnt.org.sv\/wp\/wp-json\/wp\/v2\/posts\/642","targetHints":{"allow":["GET"]}}],"collection":[{"href":"https:\/\/www.tnt.org.sv\/wp\/wp-json\/wp\/v2\/posts"}],"about":[{"href":"https:\/\/www.tnt.org.sv\/wp\/wp-json\/wp\/v2\/types\/post"}],"author":[{"embeddable":true,"href":"https:\/\/www.tnt.org.sv\/wp\/wp-json\/wp\/v2\/users\/4"}],"replies":[{"embeddable":true,"href":"https:\/\/www.tnt.org.sv\/wp\/wp-json\/wp\/v2\/comments?post=642"}],"version-history":[{"count":0,"href":"https:\/\/www.tnt.org.sv\/wp\/wp-json\/wp\/v2\/posts\/642\/revisions"}],"wp:featuredmedia":[{"embeddable":true,"href":"https:\/\/www.tnt.org.sv\/wp\/wp-json\/wp\/v2\/media\/643"}],"wp:attachment":[{"href":"https:\/\/www.tnt.org.sv\/wp\/wp-json\/wp\/v2\/media?parent=642"}],"wp:term":[{"taxonomy":"category","embeddable":true,"href":"https:\/\/www.tnt.org.sv\/wp\/wp-json\/wp\/v2\/categories?post=642"},{"taxonomy":"post_tag","embeddable":true,"href":"https:\/\/www.tnt.org.sv\/wp\/wp-json\/wp\/v2\/tags?post=642"}],"curies":[{"name":"wp","href":"https:\/\/api.w.org\/{rel}","templated":true}]}}